{"id":30494,"date":"2018-03-18T20:42:24","date_gmt":"2018-03-18T23:42:24","guid":{"rendered":"https:\/\/eldiariodesanpedro.com.ar\/sitio\/?p=30494"},"modified":"2018-03-18T20:42:24","modified_gmt":"2018-03-18T23:42:24","slug":"zarate-campana-desbaratan-una-banda-de-narcotraficantes-que-operaba-en-zarate-y-campana-12-detenidos","status":"publish","type":"post","link":"https:\/\/eldiariodesanpedro.com.ar\/sitio\/zarate-campana-desbaratan-una-banda-de-narcotraficantes-que-operaba-en-zarate-y-campana-12-detenidos\/","title":{"rendered":"Z\u00c1RATE &#8211; CAMPANA: Desbaratan una banda de narcotraficantes que operaba en Z\u00e1rate y Campana: 12 detenidos"},"content":{"rendered":"<p><!-- VideographyWP Plugin Message: Automatic video embedding prevented by plugin options. --><br \/>\n  En horas de la madrugada de este viernes, efectivos del Departamento de Operaciones Antidrogas de la Polic\u00eda Federal, delegaci\u00f3n Campana, con el apoyo de unidades de la Superintendencia de Drogas Peligrosas de la misma fuerza, realizaron 14 allanamientos en la regi\u00f3n.<\/p>\n<p>  La orden fue emanada por el Juzgado Federal de Campana a cargo del Dr. Gonz\u00e1lez Charvay, en el marco de una investigaci\u00f3n por narcomenudeo iniciada a principios del corriente a\u00f1o.<\/p>\n<p>  Los investigadores federales pudieron establecer que una organizaci\u00f3n estaba operando en la zona y su aparente cabecilla, escudaba la situaci\u00f3n en un almac\u00e9n en un barrio campanense. La banda estaba integrada por varios familiares de quien la dirig\u00eda; las sospechas se acrecentaron al advertirse el nivel de vida que llevaban, los autos de alta gama que pose\u00edan adem\u00e1s de varios inmuebles.<\/p>\n<p>  Se pudo confirmar que ten\u00edan puntos de venta fijos en distintos lugares y gente que bajo el m\u00e9todo conocido como \u201cnarcodelivey\u201d, distribu\u00eda la droga.<\/p>\n<p>  Como resultado de los operativos fueron detenidas 12 personas, 11 de nacionalidad argentina y una mujer oriunda de Paraguay y, se incautaron numerosas dosis de marihuana y coca\u00edna fraccionada para su comercializaci\u00f3n, balanzas de precisi\u00f3n, 12 plantas y plantines de cannabis, tel\u00e9fonos celulares con varios chips, dinero en efectivo, 6 autom\u00f3viles y 3 motocicletas.<\/p>\n<p>  Los detenidos, entre quienes se encuentra el cabecilla, fueron alojados en las instalaciones de la Superintendencia de Drogas Peligrosas y quedaron a disposici\u00f3n de la Justicia Federal.<\/p>\n<p>Fuente: Enlace Critico<\/p>\n","protected":false},"excerpt":{"rendered":"<p>En horas de la madrugada de este viernes, efectivos del Departamento de Operaciones Antidrogas de la Polic\u00eda Federal, delegaci\u00f3n Campana, con el apoyo de unidades de la Superintendencia de Drogas Peligrosas de la misma fuerza, realizaron 14 allanamientos en la regi\u00f3n. La orden fue emanada por el Juzgado Federal de Campana a cargo del Dr. [&hellip;]<\/p>\n","protected":false},"author":4,"featured_media":30497,"comment_status":"open","ping_status":"closed","sticky":false,"template":"","format":"standard","meta":{"om_disable_all_campaigns":false,"_jetpack_memberships_contains_paid_content":false,"footnotes":""},"categories":[621],"tags":[],"class_list":["post-30494","post","type-post","status-publish","format-standard","has-post-thumbnail","hentry","category-regionales"],"aioseo_notices":[],"gutentor_comment":0,"jetpack_featured_media_url":"https:\/\/eldiariodesanpedro.com.ar\/sitio\/wp-content\/uploads\/2018\/03\/Los-elementos-incautados.jpg","jetpack_shortlink":"https:\/\/wp.me\/p6RhLt-7VQ","jetpack_sharing_enabled":true,"_links":{"self":[{"href":"https:\/\/eldiariodesanpedro.com.ar\/sitio\/wp-json\/wp\/v2\/posts\/30494","targetHints":{"allow":["GET"]}}],"collection":[{"href":"https:\/\/eldiariodesanpedro.com.ar\/sitio\/wp-json\/wp\/v2\/posts"}],"about":[{"href":"https:\/\/eldiariodesanpedro.com.ar\/sitio\/wp-json\/wp\/v2\/types\/post"}],"author":[{"embeddable":true,"href":"https:\/\/eldiariodesanpedro.com.ar\/sitio\/wp-json\/wp\/v2\/users\/4"}],"replies":[{"embeddable":true,"href":"https:\/\/eldiariodesanpedro.com.ar\/sitio\/wp-json\/wp\/v2\/comments?post=30494"}],"version-history":[{"count":1,"href":"https:\/\/eldiariodesanpedro.com.ar\/sitio\/wp-json\/wp\/v2\/posts\/30494\/revisions"}],"predecessor-version":[{"id":30499,"href":"https:\/\/eldiariodesanpedro.com.ar\/sitio\/wp-json\/wp\/v2\/posts\/30494\/revisions\/30499"}],"wp:featuredmedia":[{"embeddable":true,"href":"https:\/\/eldiariodesanpedro.com.ar\/sitio\/wp-json\/wp\/v2\/media\/30497"}],"wp:attachment":[{"href":"https:\/\/eldiariodesanpedro.com.ar\/sitio\/wp-json\/wp\/v2\/media?parent=30494"}],"wp:term":[{"taxonomy":"category","embeddable":true,"href":"https:\/\/eldiariodesanpedro.com.ar\/sitio\/wp-json\/wp\/v2\/categories?post=30494"},{"taxonomy":"post_tag","embeddable":true,"href":"https:\/\/eldiariodesanpedro.com.ar\/sitio\/wp-json\/wp\/v2\/tags?post=30494"}],"curies":[{"name":"wp","href":"https:\/\/api.w.org\/{rel}","templated":true}]}}