{"id":30491,"date":"2018-03-18T20:40:45","date_gmt":"2018-03-18T23:40:45","guid":{"rendered":"https:\/\/eldiariodesanpedro.com.ar\/sitio\/?p=30491"},"modified":"2018-03-18T20:40:45","modified_gmt":"2018-03-18T23:40:45","slug":"san-nicolas-chauderon-es-un-protegido-politico-y-administrativo","status":"publish","type":"post","link":"https:\/\/eldiariodesanpedro.com.ar\/sitio\/san-nicolas-chauderon-es-un-protegido-politico-y-administrativo\/","title":{"rendered":"SAN NICOL\u00c1S: \u201cChauder\u00f3n es un protegido pol\u00edtico y administrativo\u201d"},"content":{"rendered":"<p><!-- VideographyWP Plugin Message: Automatic video embedding prevented by plugin options. --><br \/>\n  El Dr. Rom\u00e1n Munizaga, representante de cinco familias que acusan a Chauder\u00f3n por la muerte de sus seres queridos en virtud a su ejercicio ilegal de la medicina, manifiesta que tiene miedo que los \u201chomicidios\u201d no se investiguen y que Chauder\u00f3n sea liberado en la brevedad. Asimismo, expres\u00f3 que siente que el acusado est\u00e1 protegido pol\u00edticamente, aunque resalt\u00f3 que cree que la Justicia no se dejar\u00e1 influenciar.<br \/>\n  En el caso con m\u00e1s repercusiones del a\u00f1o 2017, el acusado de practicar la medicina de forma ilegal, Guillermo Chauder\u00f3n, quien se encuentra detenido con prisi\u00f3n preventiva en la Unidad penal Nro. 34 Melchor Romero, denuncian los abogados querellantes, que podr\u00eda ser liberado a la brevedad. <\/p>\n<p>  El de Chauder\u00f3n es uno de los casos m\u00e1s complejos y destacados del 2017. Hasta el momento se lo acusa de 11 muertes debido a su conducta. La causa se inici\u00f3 con una denuncia que efectuaron de la cl\u00ednica UOM y el Dr., Caro en representaci\u00f3n del colegio de m\u00e9dicos de San Nicol\u00e1s, en virtud de que cuando le piden los registros a Chauder\u00f3n, producto de un proyecto m\u00e9dico que se iba a iniciar en la cl\u00ednica, el mismo carec\u00eda de los papeles. En la Cl\u00ednica empezaron a notar una conducta extra\u00f1a en el presunto profesional, que se demoraba en la entrega de los documentos, no los presentaba, por lo que hicieron una breve investigaci\u00f3n administrativa donde pudieron determinar de que, con el nombre de Guillermo Chauder\u00f3n, no hab\u00eda nadie matriculado. <\/p>\n<p>  Hasta el d\u00eda de hoy se cuenta con once denuncias de homicidio en las que est\u00e1n interviniendo m\u00e1s fiscales, siempre de manera de colaboraci\u00f3n con la UFI Nro. 3 debido a la complejidad de la causa. <\/p>\n<p>  En dialogo con EL NORTE, el Dr. Rom\u00e1n Munizaga abogado querellante se mostr\u00f3 preocupado con la causa \u201cEn un principio soy el particular damnificado representando a cinco familias v\u00edctimas de lo que nosotros consideramos que son homicidios por dolo eventual, ocurridos por el accionar de Chauder\u00f3n haci\u00e9ndose pasar por un m\u00e9dico en la Cl\u00ednica UOM. Yo represento a cinco familias por fallecimiento en lo cual consideramos y denunciamos que entendemos que es un homicidio con car\u00e1cter de dolo\u201d, expres\u00f3.<\/p>\n<p>  Lo que preocupa al abogado es que Chauder\u00f3n no se halla imputado por los homicidios por lo que su estado procesal puede variar en breve tiempo \u201cChauder\u00f3n se encuentra con prisi\u00f3n preventiva otorgada por el juzgado de garant\u00edas pero no imput\u00e1ndole el delito del homicidio, considerando la jueza que interviene en la causa que no hay elementos suficientes, que no hay pruebas. Nosotros entendemos que si hay suficientes pruebas en esta etapa de la investigaci\u00f3n para que la persona sea imputada. En este momento de investigaci\u00f3n, la resoluci\u00f3n de prisi\u00f3n preventiva no es definitiva, es preliminar y solamente hay que investigar y recabar las pruebas para determinar si hay un nexo de causalidad entre el fallecimiento de las personas y el accionar doloso de este sujeto. Yo apel\u00e9 la resoluci\u00f3n que fue en febrero y eso lo resolver\u00e1 la C\u00e1mara penal\u201d, coment\u00f3.<\/p>\n<p><strong>Sin pruebas<\/strong><br \/>\n  La decisi\u00f3n del Magistrado se debe a que considera que no hay pruebas suficientes para acusar de homicidio a Chauder\u00f3n, cuesti\u00f3n esta que Munizaga rechaza \u201cLa Jueza se bas\u00f3 que al no tener los resultados de la autopsia, ella entiende que no existe un nexo causal que pruebe la conducta de Chauder\u00f3n con el fallecimiento de las personas. Nosotros entendemos que esta es la etapa de investigaci\u00f3n penal preparatoria, donde se recaban pruebas e investiga. Creemos y la l\u00f3gica de una persona com\u00fan que no participe del derecho penal ver\u00eda tambi\u00e9n, que hay elementos suficientes. Estamos hablando de una persona que se hizo pasar por m\u00e9dico. Es un estafador, un sujeto psicop\u00e1tico que comete innumerables delitos estafando, inclusive a la misma cl\u00ednica, al Colegio de M\u00e9dicos, que suministra medicamentos, interviene pacientes de alto riesgo y se desencadena la muerte de varias personas. Estos son elementos m\u00e1s que suficientes para imputar a una persona por homicidio. Esta no es una sentencia definitiva, no hay que decidir hoy si es culpable de un delito. Lo que pedimos es que se lo investigue y se lo impute\u201d. <\/p>\n<p><strong>Miedo de fuga<\/strong><br \/>\n  Munizaga est\u00e1 preocupado del estado procesal de Chauder\u00f3n y que si le dan la libertad pueda fugarse \u201cNos da miedo como particulares damnificados que se termine con la liberaci\u00f3n de esta persona, en esta etapa del proceso. Hubo una audiencia en la que la defensa apel\u00f3 la resoluci\u00f3n de la prisi\u00f3n preventiva y entiendo yo que pidiendo la morigeraci\u00f3n de la prisi\u00f3n preventiva. Nosotros apelamos y usaremos todos los elementos que tenemos al alcance para que la c\u00e1mara penal no de la libertad a esta persona. Por sus caracter\u00edsticas emanan de por s\u00ed una conducta proclive a fugarse. Es una persona psicop\u00e1tica, estafadora, sabemos que se quiso suicidar. El peligro de fuga es inminente y si sale de su arresto lo har\u00e1. Es una persona que no est\u00e1 en sus cabales y as\u00ed como adultera documentos y estafa a entidades importantes, como el Colegio de M\u00e9dicos y la Cl\u00ednica, le ser\u00eda f\u00e1cil fugarse y entorpecer la investigaci\u00f3n. No hay que perder el eje del procedimiento. La decisi\u00f3n de si hay un nexo causal o no de su accionar en las muertes de los pacientes se debe dar en un debate y luego de recabar muchas pruebas, que a\u00fan no se han recabado\u201d, analiz\u00f3.<\/p>\n<p><strong>Protegido<\/strong><br \/>\n  Asimismo, Munizaga manifiesta que Chauder\u00f3n es un protegido pol\u00edtico y que por eso se dificulta su proceso \u201c\u00c9l solamente est\u00e1 imputado por el ejercicio ilegitimo de la medicina y por el delito de estafa, siendo todo esto excarcelable y es lo que nos preocupa. Entendemos que son las reglas del juego y que es una persona que hoy est\u00e1 protegida pol\u00edtica y administrativamente en esta ciudad. Sabemos que \u00e9l trabaja y fue dependiente del gran poder de nuestra ciudad. Creo en nuestros jueces, en nuestros funcionarios p\u00fablicos, creo en su honestidad y que esto no va a ser influenciar para liberar a esta persona, que creemos que no puede ser liberado porque el peligro de fuga es extremo. Queremos que no se garantice la impunidad. Estas son las causas donde la sociedad debe creer en la justicia y por eso creo en la honestidad e idoneidad de nuestros jueces que van a resolver como corresponde\u201d, agreg\u00f3<\/p>\n<p>Fuente: Diario El Norte<\/p>\n","protected":false},"excerpt":{"rendered":"<p>El Dr. Rom\u00e1n Munizaga, representante de cinco familias que acusan a Chauder\u00f3n por la muerte de sus seres queridos en virtud a su ejercicio ilegal de la medicina, manifiesta que tiene miedo que los \u201chomicidios\u201d no se investiguen y que Chauder\u00f3n sea liberado en la brevedad. Asimismo, expres\u00f3 que siente que el acusado est\u00e1 protegido [&hellip;]<\/p>\n","protected":false},"author":4,"featured_media":30493,"comment_status":"open","ping_status":"closed","sticky":false,"template":"","format":"standard","meta":{"om_disable_all_campaigns":false,"_jetpack_memberships_contains_paid_content":false,"footnotes":""},"categories":[621],"tags":[],"class_list":["post-30491","post","type-post","status-publish","format-standard","has-post-thumbnail","hentry","category-regionales"],"aioseo_notices":[],"gutentor_comment":0,"jetpack_featured_media_url":"https:\/\/eldiariodesanpedro.com.ar\/sitio\/wp-content\/uploads\/2018\/03\/Chauder\u00f3n.jpg","jetpack_shortlink":"https:\/\/wp.me\/p6RhLt-7VN","jetpack_sharing_enabled":true,"_links":{"self":[{"href":"https:\/\/eldiariodesanpedro.com.ar\/sitio\/wp-json\/wp\/v2\/posts\/30491","targetHints":{"allow":["GET"]}}],"collection":[{"href":"https:\/\/eldiariodesanpedro.com.ar\/sitio\/wp-json\/wp\/v2\/posts"}],"about":[{"href":"https:\/\/eldiariodesanpedro.com.ar\/sitio\/wp-json\/wp\/v2\/types\/post"}],"author":[{"embeddable":true,"href":"https:\/\/eldiariodesanpedro.com.ar\/sitio\/wp-json\/wp\/v2\/users\/4"}],"replies":[{"embeddable":true,"href":"https:\/\/eldiariodesanpedro.com.ar\/sitio\/wp-json\/wp\/v2\/comments?post=30491"}],"version-history":[{"count":1,"href":"https:\/\/eldiariodesanpedro.com.ar\/sitio\/wp-json\/wp\/v2\/posts\/30491\/revisions"}],"predecessor-version":[{"id":30496,"href":"https:\/\/eldiariodesanpedro.com.ar\/sitio\/wp-json\/wp\/v2\/posts\/30491\/revisions\/30496"}],"wp:featuredmedia":[{"embeddable":true,"href":"https:\/\/eldiariodesanpedro.com.ar\/sitio\/wp-json\/wp\/v2\/media\/30493"}],"wp:attachment":[{"href":"https:\/\/eldiariodesanpedro.com.ar\/sitio\/wp-json\/wp\/v2\/media?parent=30491"}],"wp:term":[{"taxonomy":"category","embeddable":true,"href":"https:\/\/eldiariodesanpedro.com.ar\/sitio\/wp-json\/wp\/v2\/categories?post=30491"},{"taxonomy":"post_tag","embeddable":true,"href":"https:\/\/eldiariodesanpedro.com.ar\/sitio\/wp-json\/wp\/v2\/tags?post=30491"}],"curies":[{"name":"wp","href":"https:\/\/api.w.org\/{rel}","templated":true}]}}