{"id":30489,"date":"2018-03-18T20:40:26","date_gmt":"2018-03-18T23:40:26","guid":{"rendered":"https:\/\/eldiariodesanpedro.com.ar\/sitio\/?p=30489"},"modified":"2018-03-18T20:40:26","modified_gmt":"2018-03-18T23:40:26","slug":"zarate-vuelco-y-choques-en-av-antartida-argentina-de-zarate","status":"publish","type":"post","link":"https:\/\/eldiariodesanpedro.com.ar\/sitio\/zarate-vuelco-y-choques-en-av-antartida-argentina-de-zarate\/","title":{"rendered":"Z\u00c1RATE: Vuelco y choques en Av. Ant\u00e1rtida Argentina de Z\u00e1rate"},"content":{"rendered":"<p><!-- VideographyWP Plugin Message: Automatic video embedding prevented by plugin options. --><br \/>\n  Los hechos se sucedieron casi en simult\u00e1neo pasadas las 7:00 hs. de este domingo, cuando segu\u00eda cayendo una copiosa lluvia sobre la Ciudad.<\/p>\n<p>  A la altura de calle 10 y Av. Ant\u00e1rtida, un autom\u00f3vil, seg\u00fan ocasionales testigos, escap\u00f3 al control de su conductor y tras impactar contra el cantero central sufri\u00f3 un impactante vuelco en pleno carril, quedando con las cuatro ruedas hacia arriba.<\/p>\n<p>  Casi en simult\u00e1neo, sobre Lintridis y la avenida, se embistieron violentamente dos autom\u00f3viles.<br \/>\n  Se desconoce si en los dos incidentes hubo heridos.<\/p>\n<p>Fuente: Enlace Cr\u00edtico<\/p>\n","protected":false},"excerpt":{"rendered":"<p>Los hechos se sucedieron casi en simult\u00e1neo pasadas las 7:00 hs. de este domingo, cuando segu\u00eda cayendo una copiosa lluvia sobre la Ciudad. A la altura de calle 10 y Av. Ant\u00e1rtida, un autom\u00f3vil, seg\u00fan ocasionales testigos, escap\u00f3 al control de su conductor y tras impactar contra el cantero central sufri\u00f3 un impactante vuelco en [&hellip;]<\/p>\n","protected":false},"author":4,"featured_media":30492,"comment_status":"open","ping_status":"closed","sticky":false,"template":"","format":"standard","meta":{"om_disable_all_campaigns":false,"_jetpack_memberships_contains_paid_content":false,"footnotes":""},"categories":[621],"tags":[],"class_list":["post-30489","post","type-post","status-publish","format-standard","has-post-thumbnail","hentry","category-regionales"],"aioseo_notices":[],"gutentor_comment":0,"jetpack_featured_media_url":"https:\/\/eldiariodesanpedro.com.ar\/sitio\/wp-content\/uploads\/2018\/03\/El-accidente.jpg","jetpack_shortlink":"https:\/\/wp.me\/p6RhLt-7VL","jetpack_sharing_enabled":true,"_links":{"self":[{"href":"https:\/\/eldiariodesanpedro.com.ar\/sitio\/wp-json\/wp\/v2\/posts\/30489","targetHints":{"allow":["GET"]}}],"collection":[{"href":"https:\/\/eldiariodesanpedro.com.ar\/sitio\/wp-json\/wp\/v2\/posts"}],"about":[{"href":"https:\/\/eldiariodesanpedro.com.ar\/sitio\/wp-json\/wp\/v2\/types\/post"}],"author":[{"embeddable":true,"href":"https:\/\/eldiariodesanpedro.com.ar\/sitio\/wp-json\/wp\/v2\/users\/4"}],"replies":[{"embeddable":true,"href":"https:\/\/eldiariodesanpedro.com.ar\/sitio\/wp-json\/wp\/v2\/comments?post=30489"}],"version-history":[{"count":1,"href":"https:\/\/eldiariodesanpedro.com.ar\/sitio\/wp-json\/wp\/v2\/posts\/30489\/revisions"}],"predecessor-version":[{"id":30495,"href":"https:\/\/eldiariodesanpedro.com.ar\/sitio\/wp-json\/wp\/v2\/posts\/30489\/revisions\/30495"}],"wp:featuredmedia":[{"embeddable":true,"href":"https:\/\/eldiariodesanpedro.com.ar\/sitio\/wp-json\/wp\/v2\/media\/30492"}],"wp:attachment":[{"href":"https:\/\/eldiariodesanpedro.com.ar\/sitio\/wp-json\/wp\/v2\/media?parent=30489"}],"wp:term":[{"taxonomy":"category","embeddable":true,"href":"https:\/\/eldiariodesanpedro.com.ar\/sitio\/wp-json\/wp\/v2\/categories?post=30489"},{"taxonomy":"post_tag","embeddable":true,"href":"https:\/\/eldiariodesanpedro.com.ar\/sitio\/wp-json\/wp\/v2\/tags?post=30489"}],"curies":[{"name":"wp","href":"https:\/\/api.w.org\/{rel}","templated":true}]}}