{"id":302,"date":"2015-11-13T10:19:58","date_gmt":"2015-11-13T13:19:58","guid":{"rendered":"http:\/\/www.eldiariodesanpedro.com.ar\/?p=302"},"modified":"2026-01-23T23:34:49","modified_gmt":"2026-01-24T02:34:49","slug":"matan-a-tiros-a-un-motochorro-en-un-intento-de-asalto","status":"publish","type":"post","link":"https:\/\/eldiariodesanpedro.com.ar\/sitio\/matan-a-tiros-a-un-motochorro-en-un-intento-de-asalto\/","title":{"rendered":"Matan a tiros a un motochorro en un intento de asalto"},"content":{"rendered":"<p><!-- VideographyWP Plugin Message: Automatic video embedding prevented by plugin options. --><br \/>\n(Minutouno\/NA) &#8211; Se trata de un delincuente que junto a un c\u00f3mplice que se fug\u00f3, rompieron la ventanilla de una camioneta para robar, pero el conductor del rodado se resisti\u00f3 con un arma y luego se escap\u00f3.<br \/>\nEl hecho ocurri\u00f3 poco antes de las 14 de este jueves, en la esquina de las calles Paraguay y Carranza, donde qued\u00f3 tendido el presunto \u00abmotochorro\u00bb, junto a la moto y a la p\u00faa con la que, seg\u00fan lo que la Polic\u00eda pudo reconstruir de testigos, la pareja de ladrones rompi\u00f3 el cristal del veh\u00edculo al que quisieron asaltar.<br \/>\nEn esa camioneta Amarok viajaba el due\u00f1o de una empresa constructora, porque llevaba una suma de dinero aparentemente para pagarle a su personal. Los motochorros los ven\u00edan siguiendo al empresario desde que sali\u00f3 de un banco de la zona del microcentro. Cuando lo sorprenden en Carranza y Guatemala, lo interceptan en la puerta de la constructora, y el custodio de la empresa le dispara.<br \/>\nLo que se desconoce a\u00fan es si el tiro que finalmente mata a uno de los delincuentes sali\u00f3 desde la camioneta o bien desde la puerta de la constructora. Una versi\u00f3n indica que el custodio dispar\u00f3 a 15 metros del motochorro, sobre la vereda, y otra teor\u00eda habla de que el disparo sali\u00f3 del interior del veh\u00edculo.<br \/>\nDespu\u00e9s de una hora de buscarlo, el custodio se entreg\u00f3 a la polic\u00eda.<br \/>\nEl secretario de Seguridad, Sergio Berni, confirm\u00f3 este jueves que la persona que dispar\u00f3 \u00abera un exoficial de la Polic\u00eda Federal\u00bb.<br \/>\n\u00abIntentaron robarlo, reaccion\u00f3 como reaccion\u00f3 y acab\u00f3 con la vida del delincuente. Estamos en las primeras averiguaciones\u00bb, indic\u00f3 en declaraciones a Radio Am\u00e9rica.<br \/>\nEl funcionario precis\u00f3 que \u00abel fallecido era un motochorro\u00bb, para luego agregar: \u00abTodo indica que lo ven\u00eda siguiendo del banco\u00bb.<br \/>\n\u00abLe rompieron el vidrio de la camioneta y despu\u00e9s se produjo el hecho. Desde el centro lo ven\u00edan siguiendo\u00bb, a\u00f1adi\u00f3.<br \/>\nEl caso es investigado por la comisar\u00eda 31ra. y el fiscal de instrucci\u00f3n 29, Lucio Herrera.<\/p>\n","protected":false},"excerpt":{"rendered":"<p>(Minutouno\/NA) &#8211; Se trata de un delincuente que junto a un c\u00f3mplice que se fug\u00f3, rompieron la ventanilla de una camioneta para robar, pero el conductor del rodado se resisti\u00f3 con un arma y luego se escap\u00f3. El hecho ocurri\u00f3 poco antes de las 14 de este jueves, en la esquina de las calles Paraguay [&hellip;]<\/p>\n","protected":false},"author":4,"featured_media":304,"comment_status":"open","ping_status":"closed","sticky":false,"template":"","format":"standard","meta":{"om_disable_all_campaigns":false,"_jetpack_memberships_contains_paid_content":false,"footnotes":""},"categories":[3],"tags":[],"class_list":["post-302","post","type-post","status-publish","format-standard","has-post-thumbnail","hentry","category-nacionales"],"aioseo_notices":[],"gutentor_comment":0,"jetpack_featured_media_url":"https:\/\/eldiariodesanpedro.com.ar\/sitio\/wp-content\/uploads\/2015\/11\/Motochorro-muerto.jpg","jetpack_shortlink":"https:\/\/wp.me\/p6RhLt-4S","jetpack_sharing_enabled":true,"_links":{"self":[{"href":"https:\/\/eldiariodesanpedro.com.ar\/sitio\/wp-json\/wp\/v2\/posts\/302","targetHints":{"allow":["GET"]}}],"collection":[{"href":"https:\/\/eldiariodesanpedro.com.ar\/sitio\/wp-json\/wp\/v2\/posts"}],"about":[{"href":"https:\/\/eldiariodesanpedro.com.ar\/sitio\/wp-json\/wp\/v2\/types\/post"}],"author":[{"embeddable":true,"href":"https:\/\/eldiariodesanpedro.com.ar\/sitio\/wp-json\/wp\/v2\/users\/4"}],"replies":[{"embeddable":true,"href":"https:\/\/eldiariodesanpedro.com.ar\/sitio\/wp-json\/wp\/v2\/comments?post=302"}],"version-history":[{"count":1,"href":"https:\/\/eldiariodesanpedro.com.ar\/sitio\/wp-json\/wp\/v2\/posts\/302\/revisions"}],"predecessor-version":[{"id":305,"href":"https:\/\/eldiariodesanpedro.com.ar\/sitio\/wp-json\/wp\/v2\/posts\/302\/revisions\/305"}],"wp:featuredmedia":[{"embeddable":true,"href":"https:\/\/eldiariodesanpedro.com.ar\/sitio\/wp-json\/wp\/v2\/media\/304"}],"wp:attachment":[{"href":"https:\/\/eldiariodesanpedro.com.ar\/sitio\/wp-json\/wp\/v2\/media?parent=302"}],"wp:term":[{"taxonomy":"category","embeddable":true,"href":"https:\/\/eldiariodesanpedro.com.ar\/sitio\/wp-json\/wp\/v2\/categories?post=302"},{"taxonomy":"post_tag","embeddable":true,"href":"https:\/\/eldiariodesanpedro.com.ar\/sitio\/wp-json\/wp\/v2\/tags?post=302"}],"curies":[{"name":"wp","href":"https:\/\/api.w.org\/{rel}","templated":true}]}}