{"id":298,"date":"2015-11-13T10:17:47","date_gmt":"2015-11-13T13:17:47","guid":{"rendered":"http:\/\/www.eldiariodesanpedro.com.ar\/?p=298"},"modified":"2026-01-23T23:34:49","modified_gmt":"2026-01-24T02:34:49","slug":"el-joven-baleado-en-el-barrio-de-la-boca-continuaba-grave","status":"publish","type":"post","link":"https:\/\/eldiariodesanpedro.com.ar\/sitio\/el-joven-baleado-en-el-barrio-de-la-boca-continuaba-grave\/","title":{"rendered":"El joven baleado en el barrio de La Boca continuaba grave"},"content":{"rendered":"<p><!-- VideographyWP Plugin Message: Automatic video embedding prevented by plugin options. --><br \/>\n(NA) &#8211; Lucas Cabello, el joven baleado por un agente de la Polic\u00eda Metropolitana continuaba en grave estado internado en terapia intensiva, mientras que el efectivo que lo atac\u00f3 podr\u00eda ser exonerado de la fuerza.<br \/>\nEl joven de 20 a\u00f1os que permanec\u00eda internado en una cl\u00ednica del barrio de Palermo, luego de ser intervenido quirurgicamente en varias oportunidades, pelea por su vida.<br \/>\nEste jueves por la ma\u00f1ana, el padrastro de Lucas dijo que \u00abac\u00e1 hay una cosa bien clara\u00bb y es que \u00abLucas fue a comprar una milanesa, discuti\u00f3 con un efectivo de la Metropolitana y \u00e9ste le<br \/>\ndispar\u00f3 y, cuando cay\u00f3 al piso, le efectu\u00f3 dos disparos m\u00e1s\u00bb.<br \/>\nRub\u00e9n Heredia aclar\u00f3 en declaraciones a radio Del Plata que Cabello en el momento en que el efectivo de la Metropolitana le dispar\u00f3, no estaba armado.<br \/>\n\u00abLo \u00fanico que Lucas ten\u00eda en las manos eran dos s\u00e1ndwiches de milanesa y un pan saborizado que la panadera siempre le daba para la hija\u00bb, cont\u00f3 el hombre que agreg\u00f3: \u00abTuvo una discusi\u00f3n con el<br \/>\npolic\u00eda, todav\u00eda no s\u00e9 muy bien por qu\u00e9, y efectu\u00f3 un disparo, y cuando Lucas cae al piso hace dos disparos m\u00e1s\u00bb.<br \/>\nEn tanto, seg\u00fan confirm\u00f3 este jueves el comisionado Ricardo Pedace, subjefe de la Polic\u00eda Metropolitana, el agente Ricardo Ayala, que hiri\u00f3 de tres balazos al joven Cabello podr\u00eda ser<br \/>\n\u00abexonerado de la fuerza\u00bb.<br \/>\n\u00abEl uso de arma es el \u00faltimo eslab\u00f3n de actuaci\u00f3n y siempre y cuando la vida del agente se encuentre en peligro\u00bb, se\u00f1al\u00f3 Pedace en declaraciones a la radio FM Blue.<br \/>\nAdem\u00e1s, el comisionado explic\u00f3 que fue una \u00abconfusi\u00f3n\u00bb lo que dijo la vicejefa de Gobierno porte\u00f1o y gobernadora bonaerense electa, Mar\u00eda Eugenia Vidal, al vincular el episodio con un hecho<br \/>\nde violencia de g\u00e9nero.<br \/>\nEl jefe policial se\u00f1al\u00f3 que la existencia de un bot\u00f3n antip\u00e1nico que ten\u00eda una mujer que denunci\u00f3 amenazas de muerte por parte de una vecina pudo ser lo que origin\u00f3 el malentendido.<br \/>\nPedace admiti\u00f3 que Ayala, de 24 a\u00f1os, permanece detenido y dentro de la fuerza est\u00e1 en situaci\u00f3n de disponibilidad.<br \/>\n\u00abEsperamos que la Justicia defina su situaci\u00f3n. Luego de su declaraci\u00f3n de ayer -por el mi\u00e9rcoles-, el juez tiene diez d\u00edas para decidir\u00bb, se\u00f1al\u00f3 el funcionario.<br \/>\nEl hecho ocurri\u00f3 este lunes por la tarde, alrededor de las 15:30 en Mart\u00edn Rodr\u00edguez al 559.<br \/>\nPedace dijo que por disposici\u00f3n judicial, desde principios de este a\u00f1o exist\u00eda una guardia de la Metropolitana que escoltaba los movimientos de la familia supuestamente damnificada.<br \/>\nPor su parte, Carolina, la madre de Lucas, escribi\u00f3 una carta que se difundi\u00f3 en las redes sociales y en los medios de comunicaci\u00f3n en la que cont\u00f3 quien es Lucas, pidi\u00f3 que recen para que se recupere y adem\u00e1s le reclam\u00f3 a Mar\u00eda Eugenia Vidal que se rectifique porque no se trat\u00f3 de un caso de violencia de g\u00e9nero.<\/p>\n","protected":false},"excerpt":{"rendered":"<p>(NA) &#8211; Lucas Cabello, el joven baleado por un agente de la Polic\u00eda Metropolitana continuaba en grave estado internado en terapia intensiva, mientras que el efectivo que lo atac\u00f3 podr\u00eda ser exonerado de la fuerza. El joven de 20 a\u00f1os que permanec\u00eda internado en una cl\u00ednica del barrio de Palermo, luego de ser intervenido quirurgicamente [&hellip;]<\/p>\n","protected":false},"author":4,"featured_media":300,"comment_status":"open","ping_status":"closed","sticky":false,"template":"","format":"standard","meta":{"om_disable_all_campaigns":false,"_jetpack_memberships_contains_paid_content":false,"footnotes":""},"categories":[3],"tags":[],"class_list":["post-298","post","type-post","status-publish","format-standard","has-post-thumbnail","hentry","category-nacionales"],"aioseo_notices":[],"gutentor_comment":0,"jetpack_featured_media_url":"https:\/\/eldiariodesanpedro.com.ar\/sitio\/wp-content\/uploads\/2015\/11\/Joven-baleado-por-polic\u00eda-sigue-grave.jpg","jetpack_shortlink":"https:\/\/wp.me\/p6RhLt-4O","jetpack_sharing_enabled":true,"_links":{"self":[{"href":"https:\/\/eldiariodesanpedro.com.ar\/sitio\/wp-json\/wp\/v2\/posts\/298","targetHints":{"allow":["GET"]}}],"collection":[{"href":"https:\/\/eldiariodesanpedro.com.ar\/sitio\/wp-json\/wp\/v2\/posts"}],"about":[{"href":"https:\/\/eldiariodesanpedro.com.ar\/sitio\/wp-json\/wp\/v2\/types\/post"}],"author":[{"embeddable":true,"href":"https:\/\/eldiariodesanpedro.com.ar\/sitio\/wp-json\/wp\/v2\/users\/4"}],"replies":[{"embeddable":true,"href":"https:\/\/eldiariodesanpedro.com.ar\/sitio\/wp-json\/wp\/v2\/comments?post=298"}],"version-history":[{"count":1,"href":"https:\/\/eldiariodesanpedro.com.ar\/sitio\/wp-json\/wp\/v2\/posts\/298\/revisions"}],"predecessor-version":[{"id":301,"href":"https:\/\/eldiariodesanpedro.com.ar\/sitio\/wp-json\/wp\/v2\/posts\/298\/revisions\/301"}],"wp:featuredmedia":[{"embeddable":true,"href":"https:\/\/eldiariodesanpedro.com.ar\/sitio\/wp-json\/wp\/v2\/media\/300"}],"wp:attachment":[{"href":"https:\/\/eldiariodesanpedro.com.ar\/sitio\/wp-json\/wp\/v2\/media?parent=298"}],"wp:term":[{"taxonomy":"category","embeddable":true,"href":"https:\/\/eldiariodesanpedro.com.ar\/sitio\/wp-json\/wp\/v2\/categories?post=298"},{"taxonomy":"post_tag","embeddable":true,"href":"https:\/\/eldiariodesanpedro.com.ar\/sitio\/wp-json\/wp\/v2\/tags?post=298"}],"curies":[{"name":"wp","href":"https:\/\/api.w.org\/{rel}","templated":true}]}}