{"id":29622,"date":"2018-02-26T20:22:12","date_gmt":"2018-02-26T23:22:12","guid":{"rendered":"https:\/\/eldiariodesanpedro.com.ar\/sitio\/?p=29622"},"modified":"2018-02-26T20:22:12","modified_gmt":"2018-02-26T23:22:12","slug":"preparativos-para-el-stand-de-san-pedro-en-expoagro","status":"publish","type":"post","link":"https:\/\/eldiariodesanpedro.com.ar\/sitio\/preparativos-para-el-stand-de-san-pedro-en-expoagro\/","title":{"rendered":"Preparativos para el Stand de San Pedro en Expoagro"},"content":{"rendered":"<p><!-- VideographyWP Plugin Message: Automatic video embedding prevented by plugin options. --><br \/>\nLa Direcci\u00f3n de Turismo informa que se encuentra trabajando en el dise\u00f1o y la recopilaci\u00f3n de material para incluir en el Stand oficial de la Municipalidad de San Pedro en la Expoagro 2018. <\/p>\n<p>  All\u00ed, invitados por la organizaci\u00f3n volveremos a contar con un espacio propio de 150 metros cuadrados para promocionar el turismo, la producci\u00f3n y los atractivos que ofrece la regi\u00f3n para el desarrollo de diferentes iniciativas. <\/p>\n<p>  Expoagro 2018 ser\u00e1 en un predio ubicado en el kil\u00f3metro 225 de la Ruta 9 desde el martes 13 al viernes 16 de marzo desde las 8.30 hasta las 18.30 hs.<\/p>\n<p>  Los prestadores tur\u00edsticos, empresarios o emprendedores que deseen aportar material y folleter\u00eda para que se ponga a disposici\u00f3n de los visitantes, pueden entregarlo en la oficina de la Direcci\u00f3n de Turismo en Mitre y Liniers. All\u00ed tambi\u00e9n podremos brindarles m\u00e1s informaci\u00f3n sobre el tema.<br \/>\n  El plazo para la recepci\u00f3n de estos vence el viernes 9 de marzo.<\/p>\n","protected":false},"excerpt":{"rendered":"<p>La Direcci\u00f3n de Turismo informa que se encuentra trabajando en el dise\u00f1o y la recopilaci\u00f3n de material para incluir en el Stand oficial de la Municipalidad de San Pedro en la Expoagro 2018. All\u00ed, invitados por la organizaci\u00f3n volveremos a contar con un espacio propio de 150 metros cuadrados para promocionar el turismo, la producci\u00f3n [&hellip;]<\/p>\n","protected":false},"author":4,"featured_media":29623,"comment_status":"open","ping_status":"closed","sticky":false,"template":"","format":"standard","meta":{"om_disable_all_campaigns":false,"_jetpack_memberships_contains_paid_content":false,"footnotes":""},"categories":[101,2],"tags":[],"class_list":["post-29622","post","type-post","status-publish","format-standard","has-post-thumbnail","hentry","category-interes-general-locales","category-locales"],"aioseo_notices":[],"gutentor_comment":0,"jetpack_featured_media_url":"https:\/\/eldiariodesanpedro.com.ar\/sitio\/wp-content\/uploads\/2018\/02\/Preparativos-para-Expoagro-2018.jpg","jetpack_shortlink":"https:\/\/wp.me\/p6RhLt-7HM","jetpack_sharing_enabled":true,"_links":{"self":[{"href":"https:\/\/eldiariodesanpedro.com.ar\/sitio\/wp-json\/wp\/v2\/posts\/29622","targetHints":{"allow":["GET"]}}],"collection":[{"href":"https:\/\/eldiariodesanpedro.com.ar\/sitio\/wp-json\/wp\/v2\/posts"}],"about":[{"href":"https:\/\/eldiariodesanpedro.com.ar\/sitio\/wp-json\/wp\/v2\/types\/post"}],"author":[{"embeddable":true,"href":"https:\/\/eldiariodesanpedro.com.ar\/sitio\/wp-json\/wp\/v2\/users\/4"}],"replies":[{"embeddable":true,"href":"https:\/\/eldiariodesanpedro.com.ar\/sitio\/wp-json\/wp\/v2\/comments?post=29622"}],"version-history":[{"count":1,"href":"https:\/\/eldiariodesanpedro.com.ar\/sitio\/wp-json\/wp\/v2\/posts\/29622\/revisions"}],"predecessor-version":[{"id":29624,"href":"https:\/\/eldiariodesanpedro.com.ar\/sitio\/wp-json\/wp\/v2\/posts\/29622\/revisions\/29624"}],"wp:featuredmedia":[{"embeddable":true,"href":"https:\/\/eldiariodesanpedro.com.ar\/sitio\/wp-json\/wp\/v2\/media\/29623"}],"wp:attachment":[{"href":"https:\/\/eldiariodesanpedro.com.ar\/sitio\/wp-json\/wp\/v2\/media?parent=29622"}],"wp:term":[{"taxonomy":"category","embeddable":true,"href":"https:\/\/eldiariodesanpedro.com.ar\/sitio\/wp-json\/wp\/v2\/categories?post=29622"},{"taxonomy":"post_tag","embeddable":true,"href":"https:\/\/eldiariodesanpedro.com.ar\/sitio\/wp-json\/wp\/v2\/tags?post=29622"}],"curies":[{"name":"wp","href":"https:\/\/api.w.org\/{rel}","templated":true}]}}