{"id":29618,"date":"2018-02-26T20:20:10","date_gmt":"2018-02-26T23:20:10","guid":{"rendered":"https:\/\/eldiariodesanpedro.com.ar\/sitio\/?p=29618"},"modified":"2018-02-26T20:20:10","modified_gmt":"2018-02-26T23:20:10","slug":"proyectos-de-educacion-cursos-de-oficios-y-test-vocacionales","status":"publish","type":"post","link":"https:\/\/eldiariodesanpedro.com.ar\/sitio\/proyectos-de-educacion-cursos-de-oficios-y-test-vocacionales\/","title":{"rendered":"Proyectos de educaci\u00f3n, cursos de oficios y test vocacionales"},"content":{"rendered":"<p><!-- VideographyWP Plugin Message: Automatic video embedding prevented by plugin options. --><br \/>\nEl pasado viernes 23 nos visitaron autoridades nacionales y provinciales para comunicar reformas en la educaci\u00f3n para escuelas t\u00e9cnicas y agrarias. <\/p>\n<p>Estuvieron presentes, junto al Intendente y funcionarios municipales, el Secretario Ejecutivo del COPRET (Consejo Provincial de Educaci\u00f3n y Trabajo &#8211; Direcci\u00f3n General de Cultura y Educaci\u00f3n de la provincia de Buenos Aires) Sr. Gustavo \u00c1lvarez, concejales y consejeros escolares de nuestra ciudad. <\/p>\n<p>  Se dieron a conocer las nuevas leyes para escuelas t\u00e9cnicas y agrarias. Las mismas apuntan a fomentar proyectos para la r\u00e1pida inserci\u00f3n laboral de los alumnos en las cooperadoras y empresas de la localidad. <\/p>\n<p>  Adem\u00e1s, proponen fomentar clases te\u00f3rico-pr\u00e1cticas que promuevan el pensamiento anal\u00edtico, donde se aborden contenidos de la agroindustria.<\/p>\n<p>  Tambi\u00e9n, cabe destacar que se ha solicitado un aula m\u00f3vil que permanecer\u00eda 10 d\u00edas en San Pedro efectuando test vocacionales para orientar a los j\u00f3venes en la elecci\u00f3n de carreras para estudiar y los posibles campos laborales donde podr\u00edan desarrollarse. <\/p>\n<p>  Esta visita sirvi\u00f3 tambi\u00e9n para concretar la instalaci\u00f3n de un aula educativa en Gobernador Castro durante 3 meses, donde se dictar\u00e1n talleres de electricidad. El objetivo de estos talleres es que quienes los realicen obtengan una r\u00e1pida salida laboral.<\/p>\n","protected":false},"excerpt":{"rendered":"<p>El pasado viernes 23 nos visitaron autoridades nacionales y provinciales para comunicar reformas en la educaci\u00f3n para escuelas t\u00e9cnicas y agrarias. Estuvieron presentes, junto al Intendente y funcionarios municipales, el Secretario Ejecutivo del COPRET (Consejo Provincial de Educaci\u00f3n y Trabajo &#8211; Direcci\u00f3n General de Cultura y Educaci\u00f3n de la provincia de Buenos Aires) Sr. Gustavo [&hellip;]<\/p>\n","protected":false},"author":4,"featured_media":29620,"comment_status":"open","ping_status":"closed","sticky":false,"template":"","format":"standard","meta":{"om_disable_all_campaigns":false,"_jetpack_memberships_contains_paid_content":false,"footnotes":""},"categories":[101,2],"tags":[],"class_list":["post-29618","post","type-post","status-publish","format-standard","has-post-thumbnail","hentry","category-interes-general-locales","category-locales"],"aioseo_notices":[],"gutentor_comment":0,"jetpack_featured_media_url":"https:\/\/eldiariodesanpedro.com.ar\/sitio\/wp-content\/uploads\/2018\/02\/El-Intendente-recibi\u00f3-a-autoridades-nacionales-y-provinciales-de-escuelas-t\u00e9cnicas-y-agrarias.jpg","jetpack_shortlink":"https:\/\/wp.me\/p6RhLt-7HI","jetpack_sharing_enabled":true,"_links":{"self":[{"href":"https:\/\/eldiariodesanpedro.com.ar\/sitio\/wp-json\/wp\/v2\/posts\/29618","targetHints":{"allow":["GET"]}}],"collection":[{"href":"https:\/\/eldiariodesanpedro.com.ar\/sitio\/wp-json\/wp\/v2\/posts"}],"about":[{"href":"https:\/\/eldiariodesanpedro.com.ar\/sitio\/wp-json\/wp\/v2\/types\/post"}],"author":[{"embeddable":true,"href":"https:\/\/eldiariodesanpedro.com.ar\/sitio\/wp-json\/wp\/v2\/users\/4"}],"replies":[{"embeddable":true,"href":"https:\/\/eldiariodesanpedro.com.ar\/sitio\/wp-json\/wp\/v2\/comments?post=29618"}],"version-history":[{"count":1,"href":"https:\/\/eldiariodesanpedro.com.ar\/sitio\/wp-json\/wp\/v2\/posts\/29618\/revisions"}],"predecessor-version":[{"id":29621,"href":"https:\/\/eldiariodesanpedro.com.ar\/sitio\/wp-json\/wp\/v2\/posts\/29618\/revisions\/29621"}],"wp:featuredmedia":[{"embeddable":true,"href":"https:\/\/eldiariodesanpedro.com.ar\/sitio\/wp-json\/wp\/v2\/media\/29620"}],"wp:attachment":[{"href":"https:\/\/eldiariodesanpedro.com.ar\/sitio\/wp-json\/wp\/v2\/media?parent=29618"}],"wp:term":[{"taxonomy":"category","embeddable":true,"href":"https:\/\/eldiariodesanpedro.com.ar\/sitio\/wp-json\/wp\/v2\/categories?post=29618"},{"taxonomy":"post_tag","embeddable":true,"href":"https:\/\/eldiariodesanpedro.com.ar\/sitio\/wp-json\/wp\/v2\/tags?post=29618"}],"curies":[{"name":"wp","href":"https:\/\/api.w.org\/{rel}","templated":true}]}}