{"id":29616,"date":"2018-02-26T20:18:44","date_gmt":"2018-02-26T23:18:44","guid":{"rendered":"https:\/\/eldiariodesanpedro.com.ar\/sitio\/?p=29616"},"modified":"2018-02-26T20:18:44","modified_gmt":"2018-02-26T23:18:44","slug":"distintos-gremios-docentes-realizaron-una-volanteada","status":"publish","type":"post","link":"https:\/\/eldiariodesanpedro.com.ar\/sitio\/distintos-gremios-docentes-realizaron-una-volanteada\/","title":{"rendered":"Distintos gremios docentes realizaron una volanteada"},"content":{"rendered":"<p><!-- VideographyWP Plugin Message: Automatic video embedding prevented by plugin options. --><br \/>\nDurante la ma\u00f1ana de hoy, organizado por docentes nucleados en los gremios UEB San Pedro (adherido a FEB), SUTEBA y UDOCBA, se realiz\u00f3 una volanteada en el espacio que re\u00fane al Centro C\u00edvico de nuestra ciudad, Consejo Escolar, Jefatura Regional y Secretar\u00eda de Asuntos Docentes, para que la ciudadan\u00eda en general conozca cu\u00e1les son los puntos principales de la lucha docente. El Diario de San Pedro entrevist\u00f3 a Mar\u00eda Cristina Fosatti, Secretaria General de UEB San Pedro.<\/p>\n<p>  Cristina cuenta que el objetivo de esta volanteada en el Centro C\u00edvico es que, como todos los a\u00f1os, a poquitos d\u00edas de empezar las clases todav\u00eda se plantea y se pide a las comisiones t\u00e9cnicas que los distintos gremios sean citados a las reuniones de paritarias para discutir \u201cTODOS\u201d los temas que preocupan a los docentes. Adem\u00e1s, revela que hay reubicaciones de docentes que empezaban a las ocho de la ma\u00f1ana.<br \/>\n  Muchos de esos puntos est\u00e1n expresados en el volante que repartieron: cierre y fusi\u00f3n de cursos, cierre de escuelas rurales y de isla, cierre del Bachillerato de adultos, cambios en el sistema previsional, cambio en el modo de gestionar las licencias (que repercute en la cobertura de cargos en perjuicio de los alumnos), entre otros.<br \/>\n  Adem\u00e1s, est\u00e1 presente el conflicto con el IOMA, sus afiliados desde el 1\u00b0 de marzo no podr\u00e1n contar con la cobertura de la obra social por la falta de pago a los profesionales m\u00e9dicos. <\/p>\n<p>  \u201cSon todos temas que se van repitiendo\u201d explica la Secretaria General y asevera: \u201cel a\u00f1o pasado la Gobernadora se comprometi\u00f3 a citarnos el 1\u00b0 de noviembre a dialogar para no llegar a esta \u00e9poca del a\u00f1o y seguir con los mismos problemas. Ella explica que, si bien han sido citados a negociar paritarias, en estas reuniones no se discuten la totalidad de los temas. Y detalla: \u201cEs una postura dura del Gobierno ofrecer el 15% en tres tramos, donde el \u00faltimo 5% se cobrar\u00eda en el mes de octubre, cuando estamos viendo que la inflaci\u00f3n supera ampliamente todos estos porcentajes ofrecidos\u201d.<\/p>\n<p>  Continuando con la lista de puntos del volante, se\u00f1ala que tambi\u00e9n hay ceses de oficio que se terminan de concretar el 28 del corriente, un cese a todo el personal que no tenga un t\u00edtulo y este ejerciendo el rol de docente. \u201c\u00c9sto va traer consecuencias, pero veremos c\u00f3mo sigue\u201d dijo.<\/p>\n<p>  Han elegido realizar una volanteada para mostrar que desde los distintos gremios docentes se realizan diferentes medidas para continuar con su lucha y, Cristina cuenta que, as\u00ed como el 8 de diciembre fueron a Z\u00e1rate Brazo Largo a hacer una volanteada, ayer la realizaron en nuestra ciudad. El paro no es la \u00fanica herramienta que utilizan, pero s\u00ed tal vez es la que m\u00e1s se ve; muchas otras medidas son realizadas, pero no tan mediatizadas y\/o p\u00fablicas.<br \/>\n  La Secretaria aclara: \u201cEs muy cuestionado el paro docente y, lo que en definitiva estamos defendiendo es la escuela p\u00fablica y la estabilidad del docente, los puestos de trabajo docentes que se pierden al cerrar escuelas, al cerrar cursos. La gente va a ser reubicada, pero esos puestos reubicados desplazan a otros\u201d.<\/p>\n<p>  Con respecto al cierre de escuelas rurales y de isla, explica que tambi\u00e9n afecta notoriamente a nuestro partido porque hay muchas escuelas rurales y de isla. Y defiende esto, sosteniendo que la escuela es una instituci\u00f3n que permite el encuentro social y nuclea a familias. \u201cAs\u00ed haya pocos chicos, tiene que seguir funcionando esa escuela que a lo mejor es lo \u00fanico que tienen\u201d. <\/p>\n<p>  Para finalizar, Cristina dej\u00f3 en claro que el 5 de marzo est\u00e1 pautado el comienzo de las clases. Hoy habr\u00e1 otro encuentro entre los funcionarios del gobierno y los representantes de los gremios, a partir de la cual se tomar\u00e1n las decisiones que tomen los afiliados.  \u201cDe acuerdo a lo que ofrezca el Gobierno, si esta oferta se mejora, tendremos que llamar a una asamblea para ver qu\u00e9 decide San Pedro, si se inician las clases o no\u201d detall\u00f3 y aclar\u00f3: \u201cNosotros no hablamos de paro porque no se puede ir a una negociaci\u00f3n con una medida tomada. Estamos abiertos al di\u00e1logo y esperando hasta \u00faltimo momento, estamos en alerta permanente\u201d.<\/p>\n","protected":false},"excerpt":{"rendered":"<p>Durante la ma\u00f1ana de hoy, organizado por docentes nucleados en los gremios UEB San Pedro (adherido a FEB), SUTEBA y UDOCBA, se realiz\u00f3 una volanteada en el espacio que re\u00fane al Centro C\u00edvico de nuestra ciudad, Consejo Escolar, Jefatura Regional y Secretar\u00eda de Asuntos Docentes, para que la ciudadan\u00eda en general conozca cu\u00e1les son los [&hellip;]<\/p>\n","protected":false},"author":4,"featured_media":29617,"comment_status":"open","ping_status":"closed","sticky":false,"template":"","format":"standard","meta":{"om_disable_all_campaigns":false,"_jetpack_memberships_contains_paid_content":false,"footnotes":""},"categories":[2,102],"tags":[],"class_list":["post-29616","post","type-post","status-publish","format-standard","has-post-thumbnail","hentry","category-locales","category-politica-locales"],"aioseo_notices":[],"gutentor_comment":0,"jetpack_featured_media_url":"https:\/\/eldiariodesanpedro.com.ar\/sitio\/wp-content\/uploads\/2018\/02\/Cristina-Fosatti-Secretaria-General-de-UEB-San-Pedro.jpg","jetpack_shortlink":"https:\/\/wp.me\/p6RhLt-7HG","jetpack_sharing_enabled":true,"_links":{"self":[{"href":"https:\/\/eldiariodesanpedro.com.ar\/sitio\/wp-json\/wp\/v2\/posts\/29616","targetHints":{"allow":["GET"]}}],"collection":[{"href":"https:\/\/eldiariodesanpedro.com.ar\/sitio\/wp-json\/wp\/v2\/posts"}],"about":[{"href":"https:\/\/eldiariodesanpedro.com.ar\/sitio\/wp-json\/wp\/v2\/types\/post"}],"author":[{"embeddable":true,"href":"https:\/\/eldiariodesanpedro.com.ar\/sitio\/wp-json\/wp\/v2\/users\/4"}],"replies":[{"embeddable":true,"href":"https:\/\/eldiariodesanpedro.com.ar\/sitio\/wp-json\/wp\/v2\/comments?post=29616"}],"version-history":[{"count":1,"href":"https:\/\/eldiariodesanpedro.com.ar\/sitio\/wp-json\/wp\/v2\/posts\/29616\/revisions"}],"predecessor-version":[{"id":29619,"href":"https:\/\/eldiariodesanpedro.com.ar\/sitio\/wp-json\/wp\/v2\/posts\/29616\/revisions\/29619"}],"wp:featuredmedia":[{"embeddable":true,"href":"https:\/\/eldiariodesanpedro.com.ar\/sitio\/wp-json\/wp\/v2\/media\/29617"}],"wp:attachment":[{"href":"https:\/\/eldiariodesanpedro.com.ar\/sitio\/wp-json\/wp\/v2\/media?parent=29616"}],"wp:term":[{"taxonomy":"category","embeddable":true,"href":"https:\/\/eldiariodesanpedro.com.ar\/sitio\/wp-json\/wp\/v2\/categories?post=29616"},{"taxonomy":"post_tag","embeddable":true,"href":"https:\/\/eldiariodesanpedro.com.ar\/sitio\/wp-json\/wp\/v2\/tags?post=29616"}],"curies":[{"name":"wp","href":"https:\/\/api.w.org\/{rel}","templated":true}]}}