{"id":29612,"date":"2018-02-26T20:15:48","date_gmt":"2018-02-26T23:15:48","guid":{"rendered":"https:\/\/eldiariodesanpedro.com.ar\/sitio\/?p=29612"},"modified":"2018-02-26T20:15:48","modified_gmt":"2018-02-26T23:15:48","slug":"san-nicolas-hombre-herido-de-bala-en-la-delegacion-de-la-emilia","status":"publish","type":"post","link":"https:\/\/eldiariodesanpedro.com.ar\/sitio\/san-nicolas-hombre-herido-de-bala-en-la-delegacion-de-la-emilia\/","title":{"rendered":"SAN NICOL\u00c1S: Hombre herido de bala en la delegaci\u00f3n de La Emilia"},"content":{"rendered":"<p><!-- VideographyWP Plugin Message: Automatic video embedding prevented by plugin options. --><br \/>\nEn horas de la noche del domingo, un hombre ingres\u00f3 a la Guardia del Hospital San Felipe con una herida de arma de fuego en su pierna.<\/p>\n<p>  El sujeto, identificado como Leandro Ferreyra, indic\u00f3 que cuando caminaba por calle Pedro Raota, entre Magaldi y Firpo, sinti\u00f3 una detonaci\u00f3n y luego un fuerte dolor en su pierna izquierda.<\/p>\n<p>  Dijo que en ese lugar se estaba desarrollando un torneo barrial de f\u00fatbol y desconoce qui\u00e9n lo agredi\u00f3.<\/p>\n<p>  La v\u00edctima camin\u00f3 hasta su casa y fue su padre quien lo traslad\u00f3 hasta el dispensario de La Emilia. R\u00e1pidamente fue derivado en una ambulancia al nosocomio local donde se estableci\u00f3 que la herida era de car\u00e1cter leve.<\/p>\n<p>Fuente: Diario El Informante<\/p>\n","protected":false},"excerpt":{"rendered":"<p>En horas de la noche del domingo, un hombre ingres\u00f3 a la Guardia del Hospital San Felipe con una herida de arma de fuego en su pierna. El sujeto, identificado como Leandro Ferreyra, indic\u00f3 que cuando caminaba por calle Pedro Raota, entre Magaldi y Firpo, sinti\u00f3 una detonaci\u00f3n y luego un fuerte dolor en su [&hellip;]<\/p>\n","protected":false},"author":4,"featured_media":29613,"comment_status":"open","ping_status":"closed","sticky":false,"template":"","format":"standard","meta":{"om_disable_all_campaigns":false,"_jetpack_memberships_contains_paid_content":false,"footnotes":""},"categories":[621],"tags":[],"class_list":["post-29612","post","type-post","status-publish","format-standard","has-post-thumbnail","hentry","category-regionales"],"aioseo_notices":[],"gutentor_comment":0,"jetpack_featured_media_url":"https:\/\/eldiariodesanpedro.com.ar\/sitio\/wp-content\/uploads\/2018\/02\/la-emilia.jpg","jetpack_shortlink":"https:\/\/wp.me\/p6RhLt-7HC","jetpack_sharing_enabled":true,"_links":{"self":[{"href":"https:\/\/eldiariodesanpedro.com.ar\/sitio\/wp-json\/wp\/v2\/posts\/29612","targetHints":{"allow":["GET"]}}],"collection":[{"href":"https:\/\/eldiariodesanpedro.com.ar\/sitio\/wp-json\/wp\/v2\/posts"}],"about":[{"href":"https:\/\/eldiariodesanpedro.com.ar\/sitio\/wp-json\/wp\/v2\/types\/post"}],"author":[{"embeddable":true,"href":"https:\/\/eldiariodesanpedro.com.ar\/sitio\/wp-json\/wp\/v2\/users\/4"}],"replies":[{"embeddable":true,"href":"https:\/\/eldiariodesanpedro.com.ar\/sitio\/wp-json\/wp\/v2\/comments?post=29612"}],"version-history":[{"count":1,"href":"https:\/\/eldiariodesanpedro.com.ar\/sitio\/wp-json\/wp\/v2\/posts\/29612\/revisions"}],"predecessor-version":[{"id":29615,"href":"https:\/\/eldiariodesanpedro.com.ar\/sitio\/wp-json\/wp\/v2\/posts\/29612\/revisions\/29615"}],"wp:featuredmedia":[{"embeddable":true,"href":"https:\/\/eldiariodesanpedro.com.ar\/sitio\/wp-json\/wp\/v2\/media\/29613"}],"wp:attachment":[{"href":"https:\/\/eldiariodesanpedro.com.ar\/sitio\/wp-json\/wp\/v2\/media?parent=29612"}],"wp:term":[{"taxonomy":"category","embeddable":true,"href":"https:\/\/eldiariodesanpedro.com.ar\/sitio\/wp-json\/wp\/v2\/categories?post=29612"},{"taxonomy":"post_tag","embeddable":true,"href":"https:\/\/eldiariodesanpedro.com.ar\/sitio\/wp-json\/wp\/v2\/tags?post=29612"}],"curies":[{"name":"wp","href":"https:\/\/api.w.org\/{rel}","templated":true}]}}