{"id":29610,"date":"2018-02-26T20:15:12","date_gmt":"2018-02-26T23:15:12","guid":{"rendered":"https:\/\/eldiariodesanpedro.com.ar\/sitio\/?p=29610"},"modified":"2018-02-26T20:15:12","modified_gmt":"2018-02-26T23:15:12","slug":"campana-dos-motociclistas-impactaron-contra-una-columna-de-alumbrado-uno-de-ellos-fallecio","status":"publish","type":"post","link":"https:\/\/eldiariodesanpedro.com.ar\/sitio\/campana-dos-motociclistas-impactaron-contra-una-columna-de-alumbrado-uno-de-ellos-fallecio\/","title":{"rendered":"CAMPANA: Dos motociclistas impactaron contra una columna de alumbrado, uno de ellos falleci\u00f3"},"content":{"rendered":"<p><!-- VideographyWP Plugin Message: Automatic video embedding prevented by plugin options. --><br \/>\nOtro accidente enluta a la ciudad. Un joven de 23 a\u00f1os perdi\u00f3 la vida y su compa\u00f1ero, de 38, permanece internado en grave estado. Ambos resultaron con heridas graves, pero uno de ellos no resisti\u00f3 y falleci\u00f3 mientras permanec\u00eda hospitalizado.<\/p>\n<p>  El hecho se produjo sobre la Av. Varela al 800. Se desconocen los motivos por los cuales la moto Da-dalt 110 c.c. en la que circulaban Cristian y Nahuel Nu\u00f1ez sali\u00f3 despedida e impact\u00f3 contra una columna de alumbrado.<br \/>\n  Ambos motociclistas sufrieron heridas graves, siendo ca\u00f3tica la escena encontrada por Bomberos. El m\u00f3vil 43 a cargo del Principal Rodr\u00edguez los condujo de urgencia al Hospital.<\/p>\n<p>Sin embargo, Nahuel Nu\u00f1ez no resisti\u00f3 los da\u00f1os sufridos y falleci\u00f3 horas m\u00e1s tardes.<\/p>\n<p>  En el lugar se hizo presente una unidad del Comando Patrulla a cargo del Capit\u00e1n Bengolea.<\/p>\n<p>Fuente: Campana Noticias<\/p>\n","protected":false},"excerpt":{"rendered":"<p>Otro accidente enluta a la ciudad. Un joven de 23 a\u00f1os perdi\u00f3 la vida y su compa\u00f1ero, de 38, permanece internado en grave estado. Ambos resultaron con heridas graves, pero uno de ellos no resisti\u00f3 y falleci\u00f3 mientras permanec\u00eda hospitalizado. El hecho se produjo sobre la Av. Varela al 800. Se desconocen los motivos por [&hellip;]<\/p>\n","protected":false},"author":4,"featured_media":29611,"comment_status":"open","ping_status":"closed","sticky":false,"template":"","format":"standard","meta":{"om_disable_all_campaigns":false,"_jetpack_memberships_contains_paid_content":false,"footnotes":""},"categories":[621],"tags":[],"class_list":["post-29610","post","type-post","status-publish","format-standard","has-post-thumbnail","hentry","category-regionales"],"aioseo_notices":[],"gutentor_comment":0,"jetpack_featured_media_url":"https:\/\/eldiariodesanpedro.com.ar\/sitio\/wp-content\/uploads\/2018\/02\/Bomberos-trabajando-en-el-lugar.jpg","jetpack_shortlink":"https:\/\/wp.me\/p6RhLt-7HA","jetpack_sharing_enabled":true,"_links":{"self":[{"href":"https:\/\/eldiariodesanpedro.com.ar\/sitio\/wp-json\/wp\/v2\/posts\/29610","targetHints":{"allow":["GET"]}}],"collection":[{"href":"https:\/\/eldiariodesanpedro.com.ar\/sitio\/wp-json\/wp\/v2\/posts"}],"about":[{"href":"https:\/\/eldiariodesanpedro.com.ar\/sitio\/wp-json\/wp\/v2\/types\/post"}],"author":[{"embeddable":true,"href":"https:\/\/eldiariodesanpedro.com.ar\/sitio\/wp-json\/wp\/v2\/users\/4"}],"replies":[{"embeddable":true,"href":"https:\/\/eldiariodesanpedro.com.ar\/sitio\/wp-json\/wp\/v2\/comments?post=29610"}],"version-history":[{"count":1,"href":"https:\/\/eldiariodesanpedro.com.ar\/sitio\/wp-json\/wp\/v2\/posts\/29610\/revisions"}],"predecessor-version":[{"id":29614,"href":"https:\/\/eldiariodesanpedro.com.ar\/sitio\/wp-json\/wp\/v2\/posts\/29610\/revisions\/29614"}],"wp:featuredmedia":[{"embeddable":true,"href":"https:\/\/eldiariodesanpedro.com.ar\/sitio\/wp-json\/wp\/v2\/media\/29611"}],"wp:attachment":[{"href":"https:\/\/eldiariodesanpedro.com.ar\/sitio\/wp-json\/wp\/v2\/media?parent=29610"}],"wp:term":[{"taxonomy":"category","embeddable":true,"href":"https:\/\/eldiariodesanpedro.com.ar\/sitio\/wp-json\/wp\/v2\/categories?post=29610"},{"taxonomy":"post_tag","embeddable":true,"href":"https:\/\/eldiariodesanpedro.com.ar\/sitio\/wp-json\/wp\/v2\/tags?post=29610"}],"curies":[{"name":"wp","href":"https:\/\/api.w.org\/{rel}","templated":true}]}}