{"id":29606,"date":"2018-02-26T19:35:57","date_gmt":"2018-02-26T22:35:57","guid":{"rendered":"https:\/\/eldiariodesanpedro.com.ar\/sitio\/?p=29606"},"modified":"2018-02-26T19:35:57","modified_gmt":"2018-02-26T22:35:57","slug":"baradero-asesinato-de-lucas-rotela-comenzara-el-juicio-oral-contra-franzoia-benavidez-y-pio","status":"publish","type":"post","link":"https:\/\/eldiariodesanpedro.com.ar\/sitio\/baradero-asesinato-de-lucas-rotela-comenzara-el-juicio-oral-contra-franzoia-benavidez-y-pio\/","title":{"rendered":"BARADERO: Asesinato de Lucas Rotela: Comenzar\u00e1 el Juicio Oral contra Franzoia, Benavidez y P\u00edo"},"content":{"rendered":"<p><!-- VideographyWP Plugin Message: Automatic video embedding prevented by plugin options. --><br \/>\nLa causa por encubrimiento e incumplimiento fue iniciada el mismo d\u00eda del asesinato de Lucas, por el Fiscal a cargo entonces, el Dr. Manso.<br \/>\nPor su parte, el Fiscal Granda, responsable de la causa en la actualidad, habl\u00f3 en 105.7 Tu Radio sobre el juicio que se llevar\u00e1 a cabo en menos de dos meses contra quienes estaban a cargo de la fuerza comunal en aquel momento. Adem\u00e1s, explic\u00f3 cu\u00e1les son los delitos por los cuales se los acusa.<\/p>\n<p>  Granda explic\u00f3 que el Fiscal Manso inici\u00f3 dicha causa porque \u201cdetect\u00f3 una tentativa de encubrimiento y una notoria falta de cumplimiento de las directivas a realizar en un hecho de gravedad\u201d. Respecto de eso, explic\u00f3 que lo b\u00e1sico es preservar el lugar del hecho, llamar a la Polic\u00eda cient\u00edfica, buscar vainas, \u201cy todo eso no se hizo hasta que el se\u00f1or Rotela, que, vislumbrando la gravedad del hijo, exig\u00eda la presencia del Fiscal\u201d agreg\u00f3.<br \/>\n  Remarc\u00f3 que se imputa todo el lapso desde que sucedi\u00f3 el hecho hasta que el Fiscal Manso fue comunicado. Manifest\u00f3 que ese per\u00edodo se imputa, por un lado, como una actitud del personal que manejaba el sumario en ese momento tendiente a implementar otra versi\u00f3n de lo que hab\u00eda sucedido y, por otro, por no haber cumplido con lo que tendr\u00edan que haber hecho.<\/p>\n<p>  Explic\u00f3 que cuando hay un hecho de violencia que involucra a personal policial lo que corresponde es dar aviso al Fiscal y que el mismo trabaje con otra fuerza. No puede ser la misma Polic\u00eda la que intervenga en el caso. Situaci\u00f3n que s\u00ed se dio en el asesinato de Lucas Rotela por parte del polic\u00eda Gonzalo Kapp, quien ya cumple condena.<\/p>\n<p>  En esta ocasi\u00f3n, son tres las personas acusadas: El ex Comisario \u201cFranzoia, Benavidez y el oficial de servicio P\u00edo, que era quien labraba el sumario en ese momento\u201d explic\u00f3 Granda. \u201cSon las personas que vamos a sentar en el banquillo de los acusados\u201d afirm\u00f3.<\/p>\n<p>  Sobre las penas que se podr\u00edan dar en caso de encontrarse culpables a los acusados, explic\u00f3 el doctor Granda que, \u201cninguno de los delitos imputados tiene previsto en el C\u00f3digo Penal una pena mayor a seis a\u00f1os\u201d.<\/p>\n<p>  Expres\u00f3 que adem\u00e1s de encubrimiento, desde la Fiscal\u00eda los imputan por incumplimiento. \u201cQuiz\u00e1s podemos plantear una pena de cumplimiento efectivo\u201d opin\u00f3, respecto a que existen dos figuras por las cuales est\u00e1n imputados. Lo cual, podr\u00eda llegar a conseguir, de ser culpables, una pena m\u00e1s cercana al m\u00e1ximo.<\/p>\n<p>  Sobre la cantidad de a\u00f1os que ya pasaron desde el asesinato de Lucas, el Fiscal aclar\u00f3 \u201clas causas de los funcionarios p\u00fablicos no prescriben\u201d. El Juicio Oral y P\u00fablico contra estos tres responsables de la fuerza policial en el momento en que un efectivo asesin\u00f3 a Lucas a sus 19 a\u00f1os el 12 de febrero de 2012, comenzar\u00e1 el 23 de abril de este a\u00f1o en San Nicol\u00e1s en el Juzgado Correccional N\u00ba 1.<\/p>\n<p>Fuente: Tu L\u00ednea Directa<\/p>\n","protected":false},"excerpt":{"rendered":"<p>La causa por encubrimiento e incumplimiento fue iniciada el mismo d\u00eda del asesinato de Lucas, por el Fiscal a cargo entonces, el Dr. Manso. Por su parte, el Fiscal Granda, responsable de la causa en la actualidad, habl\u00f3 en 105.7 Tu Radio sobre el juicio que se llevar\u00e1 a cabo en menos de dos meses [&hellip;]<\/p>\n","protected":false},"author":4,"featured_media":29608,"comment_status":"open","ping_status":"closed","sticky":false,"template":"","format":"standard","meta":{"om_disable_all_campaigns":false,"_jetpack_memberships_contains_paid_content":false,"footnotes":""},"categories":[621],"tags":[],"class_list":["post-29606","post","type-post","status-publish","format-standard","has-post-thumbnail","hentry","category-regionales"],"aioseo_notices":[],"gutentor_comment":0,"jetpack_featured_media_url":"https:\/\/eldiariodesanpedro.com.ar\/sitio\/wp-content\/uploads\/2018\/02\/Franzoia-Benavidez-.jpg","jetpack_shortlink":"https:\/\/wp.me\/p6RhLt-7Hw","jetpack_sharing_enabled":true,"_links":{"self":[{"href":"https:\/\/eldiariodesanpedro.com.ar\/sitio\/wp-json\/wp\/v2\/posts\/29606","targetHints":{"allow":["GET"]}}],"collection":[{"href":"https:\/\/eldiariodesanpedro.com.ar\/sitio\/wp-json\/wp\/v2\/posts"}],"about":[{"href":"https:\/\/eldiariodesanpedro.com.ar\/sitio\/wp-json\/wp\/v2\/types\/post"}],"author":[{"embeddable":true,"href":"https:\/\/eldiariodesanpedro.com.ar\/sitio\/wp-json\/wp\/v2\/users\/4"}],"replies":[{"embeddable":true,"href":"https:\/\/eldiariodesanpedro.com.ar\/sitio\/wp-json\/wp\/v2\/comments?post=29606"}],"version-history":[{"count":1,"href":"https:\/\/eldiariodesanpedro.com.ar\/sitio\/wp-json\/wp\/v2\/posts\/29606\/revisions"}],"predecessor-version":[{"id":29609,"href":"https:\/\/eldiariodesanpedro.com.ar\/sitio\/wp-json\/wp\/v2\/posts\/29606\/revisions\/29609"}],"wp:featuredmedia":[{"embeddable":true,"href":"https:\/\/eldiariodesanpedro.com.ar\/sitio\/wp-json\/wp\/v2\/media\/29608"}],"wp:attachment":[{"href":"https:\/\/eldiariodesanpedro.com.ar\/sitio\/wp-json\/wp\/v2\/media?parent=29606"}],"wp:term":[{"taxonomy":"category","embeddable":true,"href":"https:\/\/eldiariodesanpedro.com.ar\/sitio\/wp-json\/wp\/v2\/categories?post=29606"},{"taxonomy":"post_tag","embeddable":true,"href":"https:\/\/eldiariodesanpedro.com.ar\/sitio\/wp-json\/wp\/v2\/tags?post=29606"}],"curies":[{"name":"wp","href":"https:\/\/api.w.org\/{rel}","templated":true}]}}