{"id":29603,"date":"2018-02-26T19:32:14","date_gmt":"2018-02-26T22:32:14","guid":{"rendered":"https:\/\/eldiariodesanpedro.com.ar\/sitio\/?p=29603"},"modified":"2018-02-26T19:32:14","modified_gmt":"2018-02-26T22:32:14","slug":"ramallo-preocupacion-por-el-estado-del-camino-alternativo-de-transito-pesado","status":"publish","type":"post","link":"https:\/\/eldiariodesanpedro.com.ar\/sitio\/ramallo-preocupacion-por-el-estado-del-camino-alternativo-de-transito-pesado\/","title":{"rendered":"RAMALLO: Preocupaci\u00f3n por el estado del camino alternativo de tr\u00e1nsito pesado"},"content":{"rendered":"<p><!-- VideographyWP Plugin Message: Automatic video embedding prevented by plugin options. --><br \/>\n  Mediante un proyecto de Resoluci\u00f3n, concejales de Cambiemos intentar\u00e1n declarar en estado de emergencia vial el Camino de Tr\u00e1nsito Pesado, ubicado entre las intersecciones del Camino de la Costa y la Ruta N\u00b0 51.<\/p>\n<p>  Por otra parte, solicitan a la Secretar\u00eda de Obras y Servicios P\u00fablicos informaci\u00f3n sobre los recursos invertidos en la obra de mejorado del Camino, acompa\u00f1ado del an\u00e1lisis t\u00e9cnico de dicha obra y de la documentaci\u00f3n administrativa que posibilit\u00f3 la misma.<\/p>\n<p>  Adem\u00e1s, se pide al Departamento Ejecutivo Municipal el env\u00edo de personal relacionado con la seguridad vial municipal y la colocaci\u00f3n de se\u00f1al\u00e9tica en las intersecciones del camino.<\/p>\n<p>Fuente: Ramallo Informa<\/p>\n","protected":false},"excerpt":{"rendered":"<p>Mediante un proyecto de Resoluci\u00f3n, concejales de Cambiemos intentar\u00e1n declarar en estado de emergencia vial el Camino de Tr\u00e1nsito Pesado, ubicado entre las intersecciones del Camino de la Costa y la Ruta N\u00b0 51. Por otra parte, solicitan a la Secretar\u00eda de Obras y Servicios P\u00fablicos informaci\u00f3n sobre los recursos invertidos en la obra de [&hellip;]<\/p>\n","protected":false},"author":4,"featured_media":29605,"comment_status":"open","ping_status":"closed","sticky":false,"template":"","format":"standard","meta":{"om_disable_all_campaigns":false,"_jetpack_memberships_contains_paid_content":false,"footnotes":""},"categories":[621],"tags":[],"class_list":["post-29603","post","type-post","status-publish","format-standard","has-post-thumbnail","hentry","category-regionales"],"aioseo_notices":[],"gutentor_comment":0,"jetpack_featured_media_url":"https:\/\/eldiariodesanpedro.com.ar\/sitio\/wp-content\/uploads\/2018\/02\/ramallo-Preocupaci\u00f3n-por-el-estado-del-camino-alternativo-de-transito-pesado.jpg","jetpack_shortlink":"https:\/\/wp.me\/p6RhLt-7Ht","jetpack_sharing_enabled":true,"_links":{"self":[{"href":"https:\/\/eldiariodesanpedro.com.ar\/sitio\/wp-json\/wp\/v2\/posts\/29603","targetHints":{"allow":["GET"]}}],"collection":[{"href":"https:\/\/eldiariodesanpedro.com.ar\/sitio\/wp-json\/wp\/v2\/posts"}],"about":[{"href":"https:\/\/eldiariodesanpedro.com.ar\/sitio\/wp-json\/wp\/v2\/types\/post"}],"author":[{"embeddable":true,"href":"https:\/\/eldiariodesanpedro.com.ar\/sitio\/wp-json\/wp\/v2\/users\/4"}],"replies":[{"embeddable":true,"href":"https:\/\/eldiariodesanpedro.com.ar\/sitio\/wp-json\/wp\/v2\/comments?post=29603"}],"version-history":[{"count":1,"href":"https:\/\/eldiariodesanpedro.com.ar\/sitio\/wp-json\/wp\/v2\/posts\/29603\/revisions"}],"predecessor-version":[{"id":29607,"href":"https:\/\/eldiariodesanpedro.com.ar\/sitio\/wp-json\/wp\/v2\/posts\/29603\/revisions\/29607"}],"wp:featuredmedia":[{"embeddable":true,"href":"https:\/\/eldiariodesanpedro.com.ar\/sitio\/wp-json\/wp\/v2\/media\/29605"}],"wp:attachment":[{"href":"https:\/\/eldiariodesanpedro.com.ar\/sitio\/wp-json\/wp\/v2\/media?parent=29603"}],"wp:term":[{"taxonomy":"category","embeddable":true,"href":"https:\/\/eldiariodesanpedro.com.ar\/sitio\/wp-json\/wp\/v2\/categories?post=29603"},{"taxonomy":"post_tag","embeddable":true,"href":"https:\/\/eldiariodesanpedro.com.ar\/sitio\/wp-json\/wp\/v2\/tags?post=29603"}],"curies":[{"name":"wp","href":"https:\/\/api.w.org\/{rel}","templated":true}]}}