{"id":29600,"date":"2018-02-26T19:30:08","date_gmt":"2018-02-26T22:30:08","guid":{"rendered":"https:\/\/eldiariodesanpedro.com.ar\/sitio\/?p=29600"},"modified":"2018-02-26T19:30:08","modified_gmt":"2018-02-26T22:30:08","slug":"baradero-tras-la-muerte-de-un-joven-exigen-respuestas-a-fernanda-antonijevic","status":"publish","type":"post","link":"https:\/\/eldiariodesanpedro.com.ar\/sitio\/baradero-tras-la-muerte-de-un-joven-exigen-respuestas-a-fernanda-antonijevic\/","title":{"rendered":"BARADERO, Tras la muerte de un joven: Exigen respuestas a Fernanda Antonijevic"},"content":{"rendered":"<p><!-- VideographyWP Plugin Message: Automatic video embedding prevented by plugin options. --><br \/>\n\u201cNo pueden resolverse los problemas de una ciudad mirando para otro lado o neg\u00e1ndolos\u201d, advierten en Baradero.<br \/>\nTras la muerte de un joven en un accidente de tr\u00e1nsito, el bloque de concejales del FPV\u2013UC de Baradero le exigi\u00f3 respuestas a la gesti\u00f3n de gobierno de Fernanda Antonijevic.<\/p>\n<p>  Mediante un comunicado de prensa, los ediles Esteban Sanzio, Leticia Houriet, Tito Moreira, Silvana Iozzia y Guillermo Oliveri lamentaron \u201cla ausencia total del Gobierno municipal en la necesidad y responsabilidad que le corresponde, de proteger la integridad f\u00edsica de los ciudadanos\u201d.<\/p>\n<p>  Ante ello, solicitaron \u201ca la Intendente la pronta intervenci\u00f3n de controles de la Direcci\u00f3n de Tr\u00e1nsito y la urgente implementaci\u00f3n con la Polic\u00eda Comunal\u201d.<\/p>\n<p>  En uno de los pasajes m\u00e1s fuertes del texto de prensa, los concejales remarcaron que \u201cNo pueden resolverse los problemas de una ciudad mirando para otro lado o neg\u00e1ndolos\u201d.<\/p>\n<p>  \u201cLas calles de Baradero se han convertido en un peligro latente que hay que resolver con prontitud, con funcionarios que trabajen y se comprometan por el bien com\u00fan, con pol\u00edticas de prevenci\u00f3n y educaci\u00f3n para que los veh\u00edculos que circulan no se transformen en armas mortales\u201d, insistieron desde el FPV-UC.<\/p>\n<p>Fuente: Grupo La Provincia<\/p>\n","protected":false},"excerpt":{"rendered":"<p>\u201cNo pueden resolverse los problemas de una ciudad mirando para otro lado o neg\u00e1ndolos\u201d, advierten en Baradero. Tras la muerte de un joven en un accidente de tr\u00e1nsito, el bloque de concejales del FPV\u2013UC de Baradero le exigi\u00f3 respuestas a la gesti\u00f3n de gobierno de Fernanda Antonijevic. Mediante un comunicado de prensa, los ediles Esteban [&hellip;]<\/p>\n","protected":false},"author":4,"featured_media":29601,"comment_status":"open","ping_status":"closed","sticky":false,"template":"","format":"standard","meta":{"om_disable_all_campaigns":false,"_jetpack_memberships_contains_paid_content":false,"footnotes":""},"categories":[621],"tags":[],"class_list":["post-29600","post","type-post","status-publish","format-standard","has-post-thumbnail","hentry","category-regionales"],"aioseo_notices":[],"gutentor_comment":0,"jetpack_featured_media_url":"https:\/\/eldiariodesanpedro.com.ar\/sitio\/wp-content\/uploads\/2018\/02\/Fernanda-Antonijevic.jpg","jetpack_shortlink":"https:\/\/wp.me\/p6RhLt-7Hq","jetpack_sharing_enabled":true,"_links":{"self":[{"href":"https:\/\/eldiariodesanpedro.com.ar\/sitio\/wp-json\/wp\/v2\/posts\/29600","targetHints":{"allow":["GET"]}}],"collection":[{"href":"https:\/\/eldiariodesanpedro.com.ar\/sitio\/wp-json\/wp\/v2\/posts"}],"about":[{"href":"https:\/\/eldiariodesanpedro.com.ar\/sitio\/wp-json\/wp\/v2\/types\/post"}],"author":[{"embeddable":true,"href":"https:\/\/eldiariodesanpedro.com.ar\/sitio\/wp-json\/wp\/v2\/users\/4"}],"replies":[{"embeddable":true,"href":"https:\/\/eldiariodesanpedro.com.ar\/sitio\/wp-json\/wp\/v2\/comments?post=29600"}],"version-history":[{"count":1,"href":"https:\/\/eldiariodesanpedro.com.ar\/sitio\/wp-json\/wp\/v2\/posts\/29600\/revisions"}],"predecessor-version":[{"id":29604,"href":"https:\/\/eldiariodesanpedro.com.ar\/sitio\/wp-json\/wp\/v2\/posts\/29600\/revisions\/29604"}],"wp:featuredmedia":[{"embeddable":true,"href":"https:\/\/eldiariodesanpedro.com.ar\/sitio\/wp-json\/wp\/v2\/media\/29601"}],"wp:attachment":[{"href":"https:\/\/eldiariodesanpedro.com.ar\/sitio\/wp-json\/wp\/v2\/media?parent=29600"}],"wp:term":[{"taxonomy":"category","embeddable":true,"href":"https:\/\/eldiariodesanpedro.com.ar\/sitio\/wp-json\/wp\/v2\/categories?post=29600"},{"taxonomy":"post_tag","embeddable":true,"href":"https:\/\/eldiariodesanpedro.com.ar\/sitio\/wp-json\/wp\/v2\/tags?post=29600"}],"curies":[{"name":"wp","href":"https:\/\/api.w.org\/{rel}","templated":true}]}}