{"id":2940,"date":"2016-04-12T09:45:18","date_gmt":"2016-04-12T12:45:18","guid":{"rendered":"http:\/\/www.eldiariodesanpedro.com.ar\/?p=2940"},"modified":"2016-04-12T09:45:18","modified_gmt":"2016-04-12T12:45:18","slug":"le-extraen-un-pulpo-de-la-garganta-a-un-nino-de-2-anos","status":"publish","type":"post","link":"https:\/\/eldiariodesanpedro.com.ar\/sitio\/le-extraen-un-pulpo-de-la-garganta-a-un-nino-de-2-anos\/","title":{"rendered":"Le extraen un pulpo de la garganta a un ni\u00f1o de 2 a\u00f1os"},"content":{"rendered":"<p><!-- VideographyWP Plugin Message: Automatic video embedding prevented by plugin options. --><br \/>\nUn ni\u00f1o de Kansas de 2 a\u00f1os estaba en grave estado el pasado mi\u00e9rcoles, luego de que los m\u00e9dicos le extirparan un peque\u00f1o pulpo de su garganta, seg\u00fan declararon las autoridades.<br \/>\nEl novio de la madre del ni\u00f1o fue arrestado y detenido, bajo sospecha de abuso de menores en el incidente de la noche del martes en Wichita, seg\u00fan fuentes policiales.<br \/>\nLa madre del ni\u00f1o, de 21 a\u00f1os, encontr\u00f3 a su novio de 36 a\u00f1os cerca de las 10 de la noche realiz\u00e1ndole maniobras de RCP al ni\u00f1o, que no estaba respirando, dijo la polic\u00eda.<br \/>\nLos expedientes policiales indican que el ni\u00f1o fue trasladado a un hospital, donde se le extrajo una \u201cobstrucci\u00f3n\u201d de su garganta.<br \/>\nLa polic\u00eda dijo le dijo a la cadena KSNW que el objeto result\u00f3 ser un peque\u00f1o pulpo, que parec\u00eda estar destinado a la preparaci\u00f3n de sushi.<br \/>\nNo se dieron a conocer las identidades ya que la v\u00edctima es un menor.<\/p>\n","protected":false},"excerpt":{"rendered":"<p>Un ni\u00f1o de Kansas de 2 a\u00f1os estaba en grave estado el pasado mi\u00e9rcoles, luego de que los m\u00e9dicos le extirparan un peque\u00f1o pulpo de su garganta, seg\u00fan declararon las autoridades. El novio de la madre del ni\u00f1o fue arrestado y detenido, bajo sospecha de abuso de menores en el incidente de la noche del [&hellip;]<\/p>\n","protected":false},"author":4,"featured_media":2941,"comment_status":"open","ping_status":"closed","sticky":false,"template":"","format":"standard","meta":{"om_disable_all_campaigns":false,"_jetpack_memberships_contains_paid_content":false,"footnotes":""},"categories":[2],"tags":[422,420,418,421,419],"class_list":["post-2940","post","type-post","status-publish","format-standard","has-post-thumbnail","hentry","category-locales","tag-2-anos","tag-de-la-garganta","tag-extraen","tag-nino","tag-un-pulpo"],"aioseo_notices":[],"gutentor_comment":0,"jetpack_featured_media_url":"https:\/\/eldiariodesanpedro.com.ar\/sitio\/wp-content\/uploads\/2016\/04\/Le-extraen-un-pulpo-de-la-garganta-a-un-ni\u00f1o.jpg","jetpack_shortlink":"https:\/\/wp.me\/p6RhLt-Lq","jetpack_sharing_enabled":true,"_links":{"self":[{"href":"https:\/\/eldiariodesanpedro.com.ar\/sitio\/wp-json\/wp\/v2\/posts\/2940","targetHints":{"allow":["GET"]}}],"collection":[{"href":"https:\/\/eldiariodesanpedro.com.ar\/sitio\/wp-json\/wp\/v2\/posts"}],"about":[{"href":"https:\/\/eldiariodesanpedro.com.ar\/sitio\/wp-json\/wp\/v2\/types\/post"}],"author":[{"embeddable":true,"href":"https:\/\/eldiariodesanpedro.com.ar\/sitio\/wp-json\/wp\/v2\/users\/4"}],"replies":[{"embeddable":true,"href":"https:\/\/eldiariodesanpedro.com.ar\/sitio\/wp-json\/wp\/v2\/comments?post=2940"}],"version-history":[{"count":1,"href":"https:\/\/eldiariodesanpedro.com.ar\/sitio\/wp-json\/wp\/v2\/posts\/2940\/revisions"}],"predecessor-version":[{"id":2942,"href":"https:\/\/eldiariodesanpedro.com.ar\/sitio\/wp-json\/wp\/v2\/posts\/2940\/revisions\/2942"}],"wp:featuredmedia":[{"embeddable":true,"href":"https:\/\/eldiariodesanpedro.com.ar\/sitio\/wp-json\/wp\/v2\/media\/2941"}],"wp:attachment":[{"href":"https:\/\/eldiariodesanpedro.com.ar\/sitio\/wp-json\/wp\/v2\/media?parent=2940"}],"wp:term":[{"taxonomy":"category","embeddable":true,"href":"https:\/\/eldiariodesanpedro.com.ar\/sitio\/wp-json\/wp\/v2\/categories?post=2940"},{"taxonomy":"post_tag","embeddable":true,"href":"https:\/\/eldiariodesanpedro.com.ar\/sitio\/wp-json\/wp\/v2\/tags?post=2940"}],"curies":[{"name":"wp","href":"https:\/\/api.w.org\/{rel}","templated":true}]}}