{"id":294,"date":"2015-11-13T10:16:09","date_gmt":"2015-11-13T13:16:09","guid":{"rendered":"http:\/\/www.eldiariodesanpedro.com.ar\/?p=294"},"modified":"2015-11-13T10:16:34","modified_gmt":"2015-11-13T13:16:34","slug":"autoridades-reiteraron-que-la-toma-de-terrenos-en-merlo-es-ilegal","status":"publish","type":"post","link":"https:\/\/eldiariodesanpedro.com.ar\/sitio\/autoridades-reiteraron-que-la-toma-de-terrenos-en-merlo-es-ilegal\/","title":{"rendered":"Autoridades reiteraron que la toma de terrenos en Merlo es \u00abilegal\u00bb"},"content":{"rendered":"<p><!-- VideographyWP Plugin Message: Automatic video embedding prevented by plugin options. --><br \/>\n(T\u00e9lam) &#8211; Los vecinos que participan de la toma de un espacio de 60 hect\u00e1reas en el municipio bonaerense de Merlo decidieron permanecer en los terrenos, en tanto que los representantes del Gobierno provincial ratificaron que se trata \u00abde una acci\u00f3n ilegal\u00bb y les pidieron que desalojen el predio a cambio de la promesa de una urbanizaci\u00f3n futura.<br \/>\n\u00abNosotros hemos hablado con la gente y ellos son conscientes de que se trata da algo ilegal porque los terrenos tienen due\u00f1os\u00bb, dijo el subsecretario de Urbanismo bonaerense, Ricardo Spalleti, quien reiter\u00f3 que el prop\u00f3sito oficial es acordar con los propietarios para iniciar un proceso de urbanizaci\u00f3n en favor de las familias censadas.<br \/>\nEl funcionario se\u00f1al\u00f3 que el tema \u00abest\u00e1 en manos de la justicia y hasta el momento no hay orden de desalojo\u00bb.<br \/>\nAclar\u00f3 que las negociaciones s\u00f3lo se realizan con los ocupantes del campo y no con las personas que tomaron un complejo habitacional lindero de m\u00e1s de 200 viviendas que ya est\u00e1n asignadas aunque no terminadas.<br \/>\nEn tanto, empleados de la Subsecretaria continuaban, en la ma\u00f1ana de ayer, con la realizaci\u00f3n del censo dispuesto para determinar el n\u00famero y necesidades de los ocupantes.<br \/>\nLos cerca de 20 empleados volvieron a instalarse este jueves por la ma\u00f1ana en el edificio de la Unidad Sanitaria n\u00famero 2, cercano al predio tomado, para continuar recabando los datos de los vecinos aportados por los delegados de manzana.<br \/>\n\u00abLa gente decidi\u00f3 quedarse en el lugar porque no ve clara las propuestas realizadas por los funcionarios\u00bb, dijo Dario, un joven que act\u00faa como delegado de manzana.<br \/>\n\u00abA cada uno de los delegados nos dec\u00edan cosas distintas y eso nos lleva a pensar que s\u00f3lo est\u00e1n tratando que ganar tiempos\u00bb, dijo el delegado, que adem\u00e1s reconoci\u00f3 que con el correr de los d\u00edas \u00abla gente se va cansando porque la vida en el predio es muy dura\u00bb.<br \/>\nLos ocupantes comentaron que el objetivo es conseguir un convenio que les garantice una propuesta de expropiaci\u00f3n del terreno y una posterior venta con facilidades a las familias que lo est\u00e1n tomando.<\/p>\n","protected":false},"excerpt":{"rendered":"<p>(T\u00e9lam) &#8211; Los vecinos que participan de la toma de un espacio de 60 hect\u00e1reas en el municipio bonaerense de Merlo decidieron permanecer en los terrenos, en tanto que los representantes del Gobierno provincial ratificaron que se trata \u00abde una acci\u00f3n ilegal\u00bb y les pidieron que desalojen el predio a cambio de la promesa de [&hellip;]<\/p>\n","protected":false},"author":4,"featured_media":297,"comment_status":"open","ping_status":"closed","sticky":false,"template":"","format":"standard","meta":{"om_disable_all_campaigns":false,"_jetpack_memberships_contains_paid_content":false,"footnotes":""},"categories":[2],"tags":[],"class_list":["post-294","post","type-post","status-publish","format-standard","has-post-thumbnail","hentry","category-locales"],"aioseo_notices":[],"gutentor_comment":0,"jetpack_featured_media_url":"https:\/\/eldiariodesanpedro.com.ar\/sitio\/wp-content\/uploads\/2015\/11\/Toma-de-Merlo.jpg","jetpack_shortlink":"https:\/\/wp.me\/p6RhLt-4K","jetpack_sharing_enabled":true,"_links":{"self":[{"href":"https:\/\/eldiariodesanpedro.com.ar\/sitio\/wp-json\/wp\/v2\/posts\/294","targetHints":{"allow":["GET"]}}],"collection":[{"href":"https:\/\/eldiariodesanpedro.com.ar\/sitio\/wp-json\/wp\/v2\/posts"}],"about":[{"href":"https:\/\/eldiariodesanpedro.com.ar\/sitio\/wp-json\/wp\/v2\/types\/post"}],"author":[{"embeddable":true,"href":"https:\/\/eldiariodesanpedro.com.ar\/sitio\/wp-json\/wp\/v2\/users\/4"}],"replies":[{"embeddable":true,"href":"https:\/\/eldiariodesanpedro.com.ar\/sitio\/wp-json\/wp\/v2\/comments?post=294"}],"version-history":[{"count":1,"href":"https:\/\/eldiariodesanpedro.com.ar\/sitio\/wp-json\/wp\/v2\/posts\/294\/revisions"}],"predecessor-version":[{"id":296,"href":"https:\/\/eldiariodesanpedro.com.ar\/sitio\/wp-json\/wp\/v2\/posts\/294\/revisions\/296"}],"wp:featuredmedia":[{"embeddable":true,"href":"https:\/\/eldiariodesanpedro.com.ar\/sitio\/wp-json\/wp\/v2\/media\/297"}],"wp:attachment":[{"href":"https:\/\/eldiariodesanpedro.com.ar\/sitio\/wp-json\/wp\/v2\/media?parent=294"}],"wp:term":[{"taxonomy":"category","embeddable":true,"href":"https:\/\/eldiariodesanpedro.com.ar\/sitio\/wp-json\/wp\/v2\/categories?post=294"},{"taxonomy":"post_tag","embeddable":true,"href":"https:\/\/eldiariodesanpedro.com.ar\/sitio\/wp-json\/wp\/v2\/tags?post=294"}],"curies":[{"name":"wp","href":"https:\/\/api.w.org\/{rel}","templated":true}]}}