{"id":290,"date":"2015-11-13T10:15:22","date_gmt":"2015-11-13T13:15:22","guid":{"rendered":"http:\/\/www.eldiariodesanpedro.com.ar\/?p=290"},"modified":"2026-01-23T23:21:40","modified_gmt":"2026-01-24T02:21:40","slug":"el-gobierno-bonaerense-anuncio-nuevas-medidas-para-el-abordaje-de-la-violencia-de-genero","status":"publish","type":"post","link":"https:\/\/eldiariodesanpedro.com.ar\/sitio\/el-gobierno-bonaerense-anuncio-nuevas-medidas-para-el-abordaje-de-la-violencia-de-genero\/","title":{"rendered":"El gobierno bonaerense anunci\u00f3 nuevas medidas para el abordaje de la violencia de g\u00e9nero"},"content":{"rendered":"<p><!-- VideographyWP Plugin Message: Automatic video embedding prevented by plugin options. --><br \/>\n(T\u00e9lam) &#8211; El Ejecutivo provincial dispuso de un nuevo n\u00famero telef\u00f3nico, el 136, de marcaci\u00f3n abreviada gratuita, para la prestaci\u00f3n del servicio de urgencia a mujeres en situaci\u00f3n de violencia, que se suma al ya existente 0800-555-0137 y al enlace que existe con la Central de Emergencias 911, mientras que habr\u00e1 un incremento de recursos para las mesas locales que atienden situaciones de violencia.<br \/>\nEl anuncio lo realiz\u00f3, este jueves, el secretario de derechos humanos bonaerense Guido \u00abKibo\u00bb Carlotto durante un acto desarrollado en el Anexo de la C\u00e1mara de Diputados provincial, donde afirm\u00f3 que las mesas existentes en todos los municipios bonaerenses para abrodar casos de violencia familiar tendr\u00e1n un incremento del 400%.<br \/>\n\u00abHay mesas locales que dada la demanda que tienen de acuerdo a su poblaci\u00f3n, hace necesario contar con un fondo superior al fijado desde sus inicios. Por ello, hemos considerado conveniente formalizar esta decisi\u00f3n pol\u00edtica, porque es una acci\u00f3n del Estado provincial, que merece tener una continuidad en la agenda p\u00fablica\u00bb, afirm\u00f3 Carlotto.<br \/>\nIndic\u00f3 adem\u00e1s que con estas medidas, \u00abel gobierno de Daniel Scioli ratifica con acciones concretas la decisi\u00f3n de abordar la violencia de g\u00e9nero con pol\u00edticas p\u00fablicas que evolucionan permanentemente\u00bb.<br \/>\nEn el marco de lo dispuesto por la Resoluci\u00f3n N\u00b0 146\/97 de la Secretar\u00eda de Comunicaciones de la Naci\u00f3n, la Secretar\u00eda de Derechos Humanos de la provincia realiz\u00f3 la gesti\u00f3n para que el Programa de Atenci\u00f3n a Mujeres en situaci\u00f3n de violencia (AVM), pueda contar con un n\u00famero de marcaci\u00f3n abreviada y gratuito.<br \/>\nDe esta manera, con el 136 se facilitar\u00e1 el acceso de las mujeres que requieran de la atenci\u00f3n y el asesoramiento del programa AVM.<br \/>\nAVM es la principal herramienta del gobierno provincial para abordar las violencias de g\u00e9nero. A trav\u00e9s de un n\u00famero telef\u00f3nico gratuito contiene, asesora y articula con los organismos nucleados en las Mesas Locales las emergencias; adem\u00e1s, a trav\u00e9s del equipo interdisciplinario genera estad\u00edsticas, investigaciones y realiza capacitaciones a lo largo y ancho de la provincia.<br \/>\n\u00abLa violencia contra la mujer es una violaci\u00f3n a los derechos humanos, es consecuencia de la discriminaci\u00f3n que sufre y la persistencia de desigualdades por raz\u00f3n de g\u00e9nero. La violencia contra las mujeres y ni\u00f1as se puede evitar, siendo la prevenci\u00f3n la herramienta esencial para lograrlo\u00bb, explic\u00f3 Carlotto.<br \/>\nEl Fondo Rotatorio es un medio que permite atender la emergencia de las mujeres y de sus hijos e hijas. Sirve para afrontar los gastos de alimentos o alojamiento, hasta que la Mesa Local activa otras herramientas institucionales tendientes a la soluci\u00f3n del problema de la violencia.<\/p>\n","protected":false},"excerpt":{"rendered":"<p>(T\u00e9lam) &#8211; El Ejecutivo provincial dispuso de un nuevo n\u00famero telef\u00f3nico, el 136, de marcaci\u00f3n abreviada gratuita, para la prestaci\u00f3n del servicio de urgencia a mujeres en situaci\u00f3n de violencia, que se suma al ya existente 0800-555-0137 y al enlace que existe con la Central de Emergencias 911, mientras que habr\u00e1 un incremento de recursos [&hellip;]<\/p>\n","protected":false},"author":4,"featured_media":292,"comment_status":"open","ping_status":"closed","sticky":false,"template":"","format":"standard","meta":{"om_disable_all_campaigns":false,"_jetpack_memberships_contains_paid_content":false,"footnotes":""},"categories":[3],"tags":[],"class_list":["post-290","post","type-post","status-publish","format-standard","has-post-thumbnail","hentry","category-nacionales"],"aioseo_notices":[],"gutentor_comment":0,"jetpack_featured_media_url":"https:\/\/eldiariodesanpedro.com.ar\/sitio\/wp-content\/uploads\/2015\/11\/Medidas-violencia-de-g\u00e9nero.jpg","jetpack_shortlink":"https:\/\/wp.me\/p6RhLt-4G","jetpack_sharing_enabled":true,"_links":{"self":[{"href":"https:\/\/eldiariodesanpedro.com.ar\/sitio\/wp-json\/wp\/v2\/posts\/290","targetHints":{"allow":["GET"]}}],"collection":[{"href":"https:\/\/eldiariodesanpedro.com.ar\/sitio\/wp-json\/wp\/v2\/posts"}],"about":[{"href":"https:\/\/eldiariodesanpedro.com.ar\/sitio\/wp-json\/wp\/v2\/types\/post"}],"author":[{"embeddable":true,"href":"https:\/\/eldiariodesanpedro.com.ar\/sitio\/wp-json\/wp\/v2\/users\/4"}],"replies":[{"embeddable":true,"href":"https:\/\/eldiariodesanpedro.com.ar\/sitio\/wp-json\/wp\/v2\/comments?post=290"}],"version-history":[{"count":1,"href":"https:\/\/eldiariodesanpedro.com.ar\/sitio\/wp-json\/wp\/v2\/posts\/290\/revisions"}],"predecessor-version":[{"id":293,"href":"https:\/\/eldiariodesanpedro.com.ar\/sitio\/wp-json\/wp\/v2\/posts\/290\/revisions\/293"}],"wp:featuredmedia":[{"embeddable":true,"href":"https:\/\/eldiariodesanpedro.com.ar\/sitio\/wp-json\/wp\/v2\/media\/292"}],"wp:attachment":[{"href":"https:\/\/eldiariodesanpedro.com.ar\/sitio\/wp-json\/wp\/v2\/media?parent=290"}],"wp:term":[{"taxonomy":"category","embeddable":true,"href":"https:\/\/eldiariodesanpedro.com.ar\/sitio\/wp-json\/wp\/v2\/categories?post=290"},{"taxonomy":"post_tag","embeddable":true,"href":"https:\/\/eldiariodesanpedro.com.ar\/sitio\/wp-json\/wp\/v2\/tags?post=290"}],"curies":[{"name":"wp","href":"https:\/\/api.w.org\/{rel}","templated":true}]}}