{"id":28773,"date":"2018-02-02T12:23:44","date_gmt":"2018-02-02T15:23:44","guid":{"rendered":"https:\/\/eldiariodesanpedro.com.ar\/sitio\/?p=28773"},"modified":"2018-02-02T12:23:44","modified_gmt":"2018-02-02T15:23:44","slug":"un-nuevo-caso-de-femicidio-y-un-comunicado-de-la-agrupacion-minerva-mirabal","status":"publish","type":"post","link":"https:\/\/eldiariodesanpedro.com.ar\/sitio\/un-nuevo-caso-de-femicidio-y-un-comunicado-de-la-agrupacion-minerva-mirabal\/","title":{"rendered":"Un nuevo caso de femicidio y un comunicado de la agrupaci\u00f3n Minerva Mirabal"},"content":{"rendered":"<p><!-- VideographyWP Plugin Message: Automatic video embedding prevented by plugin options. --><br \/>\nDesde la agrupaci\u00f3n Sampedrina Minerva Mirabal se emiti\u00f3 un comunicado teniendo en cuenta el femicidio que ocurri\u00f3 contra la enfermera Natalia Duarte  durante la noche del jueves siendo asesinada por su ex pareja por tres disparos cobardemente por la espalda.<\/p>\n<p>\u00abEl Femicidio define un acto de violencia extrema contra las mujeres en una cultura<br \/>\npatriarcal.Por esto el femicidio de Natalia(mujer,vecina,madre,hija,amiga,trabajadora) es un problema de todxs. Cuando decimos que el Estado es responsable es porque los mecanismos de contenci\u00f2n e intervenci\u00f2n para evitar que nos falte una mujer cada 24 hs no est\u00e0n funcionando. El recorte a las pol\u00ecticas de g\u00e8nero es una decisi\u00f2n del gobierno que deja en absoluta soledad a las v\u00ecctimas. La desidia de funcionarios politicos y judiciales es c\u00f2mplice de cada uno de los femicidios que ocurren. Exigimos el compromiso real de incluir pol\u00ecticas de g\u00e8nero en la agenda del gobierno municipal. Para que no vuelva a ocurrir el compromiso es de toda la sociedad pero sin dudas el mayor responsable es el Estado. Nuestro abrazo y solidaridad con la familia de Natalia\u00bb. <\/p>\n","protected":false},"excerpt":{"rendered":"<p>Desde la agrupaci\u00f3n Sampedrina Minerva Mirabal se emiti\u00f3 un comunicado teniendo en cuenta el femicidio que ocurri\u00f3 contra la enfermera Natalia Duarte durante la noche del jueves siendo asesinada por su ex pareja por tres disparos cobardemente por la espalda. \u00abEl Femicidio define un acto de violencia extrema contra las mujeres en una cultura patriarcal.Por [&hellip;]<\/p>\n","protected":false},"author":4,"featured_media":28774,"comment_status":"open","ping_status":"closed","sticky":false,"template":"","format":"standard","meta":{"om_disable_all_campaigns":false,"_jetpack_memberships_contains_paid_content":false,"footnotes":""},"categories":[101,2],"tags":[],"class_list":["post-28773","post","type-post","status-publish","format-standard","has-post-thumbnail","hentry","category-interes-general-locales","category-locales"],"aioseo_notices":[],"gutentor_comment":0,"jetpack_featured_media_url":"https:\/\/eldiariodesanpedro.com.ar\/sitio\/wp-content\/uploads\/2018\/02\/25395080_112299199561816_6581906433841612372_o.jpg","jetpack_shortlink":"https:\/\/wp.me\/p6RhLt-7u5","jetpack_sharing_enabled":true,"_links":{"self":[{"href":"https:\/\/eldiariodesanpedro.com.ar\/sitio\/wp-json\/wp\/v2\/posts\/28773","targetHints":{"allow":["GET"]}}],"collection":[{"href":"https:\/\/eldiariodesanpedro.com.ar\/sitio\/wp-json\/wp\/v2\/posts"}],"about":[{"href":"https:\/\/eldiariodesanpedro.com.ar\/sitio\/wp-json\/wp\/v2\/types\/post"}],"author":[{"embeddable":true,"href":"https:\/\/eldiariodesanpedro.com.ar\/sitio\/wp-json\/wp\/v2\/users\/4"}],"replies":[{"embeddable":true,"href":"https:\/\/eldiariodesanpedro.com.ar\/sitio\/wp-json\/wp\/v2\/comments?post=28773"}],"version-history":[{"count":1,"href":"https:\/\/eldiariodesanpedro.com.ar\/sitio\/wp-json\/wp\/v2\/posts\/28773\/revisions"}],"predecessor-version":[{"id":28775,"href":"https:\/\/eldiariodesanpedro.com.ar\/sitio\/wp-json\/wp\/v2\/posts\/28773\/revisions\/28775"}],"wp:featuredmedia":[{"embeddable":true,"href":"https:\/\/eldiariodesanpedro.com.ar\/sitio\/wp-json\/wp\/v2\/media\/28774"}],"wp:attachment":[{"href":"https:\/\/eldiariodesanpedro.com.ar\/sitio\/wp-json\/wp\/v2\/media?parent=28773"}],"wp:term":[{"taxonomy":"category","embeddable":true,"href":"https:\/\/eldiariodesanpedro.com.ar\/sitio\/wp-json\/wp\/v2\/categories?post=28773"},{"taxonomy":"post_tag","embeddable":true,"href":"https:\/\/eldiariodesanpedro.com.ar\/sitio\/wp-json\/wp\/v2\/tags?post=28773"}],"curies":[{"name":"wp","href":"https:\/\/api.w.org\/{rel}","templated":true}]}}