{"id":28771,"date":"2018-02-02T12:06:34","date_gmt":"2018-02-02T15:06:34","guid":{"rendered":"https:\/\/eldiariodesanpedro.com.ar\/sitio\/?p=28771"},"modified":"2018-02-02T12:06:34","modified_gmt":"2018-02-02T15:06:34","slug":"se-aprehendio-a-un-joven-de-14-anos-cuando-quiso-ingresar-a-robar-un-almacen","status":"publish","type":"post","link":"https:\/\/eldiariodesanpedro.com.ar\/sitio\/se-aprehendio-a-un-joven-de-14-anos-cuando-quiso-ingresar-a-robar-un-almacen\/","title":{"rendered":"Se aprehendio a un joven de 14 a\u00f1os cuando quiso ingresar a robar un almacen"},"content":{"rendered":"<p><!-- VideographyWP Plugin Message: Automatic video embedding prevented by plugin options. --><br \/>\nEn calle San Mart\u00edn y Dipietri se aprehendi\u00f3 a joven de 14 a\u00f1os, quien previo forzar reja de comercio del rubro almac\u00e9n que se encuentra en esa esquina trato de ingresar al lugar, sin llegar a cometer il\u00edcito por ser reducido por la polic\u00eda cuando se quiso dar a la fuga. El menor fue restituido a sus progenitores, interviene la UFI del joven de San Nicol\u00e1s.<\/p>\n","protected":false},"excerpt":{"rendered":"<p>En calle San Mart\u00edn y Dipietri se aprehendi\u00f3 a joven de 14 a\u00f1os, quien previo forzar reja de comercio del rubro almac\u00e9n que se encuentra en esa esquina trato de ingresar al lugar, sin llegar a cometer il\u00edcito por ser reducido por la polic\u00eda cuando se quiso dar a la fuga. El menor fue restituido [&hellip;]<\/p>\n","protected":false},"author":4,"featured_media":16973,"comment_status":"open","ping_status":"closed","sticky":false,"template":"","format":"standard","meta":{"om_disable_all_campaigns":false,"_jetpack_memberships_contains_paid_content":false,"footnotes":""},"categories":[2,103],"tags":[],"class_list":["post-28771","post","type-post","status-publish","format-standard","has-post-thumbnail","hentry","category-locales","category-policiales-locales"],"aioseo_notices":[],"gutentor_comment":0,"jetpack_featured_media_url":"https:\/\/eldiariodesanpedro.com.ar\/sitio\/wp-content\/uploads\/2017\/04\/DSC_0058.jpg","jetpack_shortlink":"https:\/\/wp.me\/p6RhLt-7u3","jetpack_sharing_enabled":true,"_links":{"self":[{"href":"https:\/\/eldiariodesanpedro.com.ar\/sitio\/wp-json\/wp\/v2\/posts\/28771","targetHints":{"allow":["GET"]}}],"collection":[{"href":"https:\/\/eldiariodesanpedro.com.ar\/sitio\/wp-json\/wp\/v2\/posts"}],"about":[{"href":"https:\/\/eldiariodesanpedro.com.ar\/sitio\/wp-json\/wp\/v2\/types\/post"}],"author":[{"embeddable":true,"href":"https:\/\/eldiariodesanpedro.com.ar\/sitio\/wp-json\/wp\/v2\/users\/4"}],"replies":[{"embeddable":true,"href":"https:\/\/eldiariodesanpedro.com.ar\/sitio\/wp-json\/wp\/v2\/comments?post=28771"}],"version-history":[{"count":1,"href":"https:\/\/eldiariodesanpedro.com.ar\/sitio\/wp-json\/wp\/v2\/posts\/28771\/revisions"}],"predecessor-version":[{"id":28772,"href":"https:\/\/eldiariodesanpedro.com.ar\/sitio\/wp-json\/wp\/v2\/posts\/28771\/revisions\/28772"}],"wp:featuredmedia":[{"embeddable":true,"href":"https:\/\/eldiariodesanpedro.com.ar\/sitio\/wp-json\/wp\/v2\/media\/16973"}],"wp:attachment":[{"href":"https:\/\/eldiariodesanpedro.com.ar\/sitio\/wp-json\/wp\/v2\/media?parent=28771"}],"wp:term":[{"taxonomy":"category","embeddable":true,"href":"https:\/\/eldiariodesanpedro.com.ar\/sitio\/wp-json\/wp\/v2\/categories?post=28771"},{"taxonomy":"post_tag","embeddable":true,"href":"https:\/\/eldiariodesanpedro.com.ar\/sitio\/wp-json\/wp\/v2\/tags?post=28771"}],"curies":[{"name":"wp","href":"https:\/\/api.w.org\/{rel}","templated":true}]}}