{"id":28765,"date":"2018-02-02T11:43:33","date_gmt":"2018-02-02T14:43:33","guid":{"rendered":"https:\/\/eldiariodesanpedro.com.ar\/sitio\/?p=28765"},"modified":"2018-02-02T11:43:33","modified_gmt":"2018-02-02T14:43:33","slug":"en-zona-rural-se-detuvo-a-dos-jovenes-que-llevaban-cosas-robadas","status":"publish","type":"post","link":"https:\/\/eldiariodesanpedro.com.ar\/sitio\/en-zona-rural-se-detuvo-a-dos-jovenes-que-llevaban-cosas-robadas\/","title":{"rendered":"En zona rural se detuvo a dos j\u00f3venes que llevaban cosas robadas"},"content":{"rendered":"<p><!-- VideographyWP Plugin Message: Automatic video embedding prevented by plugin options. --><br \/>\nEste jueves en horas de la ma\u00f1ana en camino Guzm\u00e1n zona rural de la Tosquera se aprehendi\u00f3 a dos j\u00f3venes de 17 y 18 a\u00f1os de edad, los cuales llevaban carro de tiro con elementos como Heladera, sillas, sill\u00f3n, una mesa. <\/p>\n<p>Estos elementos los hab\u00edan sustra\u00eddos de vivienda sita en Bajo Tala, a la cual ingresaron previo violentar puerta de acceso principal. El menor fue restituido a sus progenitores mientras que el mayor recupero su libertad. Interviene UFI del joven San Nicol\u00e1s.<\/p>\n","protected":false},"excerpt":{"rendered":"<p>Este jueves en horas de la ma\u00f1ana en camino Guzm\u00e1n zona rural de la Tosquera se aprehendi\u00f3 a dos j\u00f3venes de 17 y 18 a\u00f1os de edad, los cuales llevaban carro de tiro con elementos como Heladera, sillas, sill\u00f3n, una mesa. Estos elementos los hab\u00edan sustra\u00eddos de vivienda sita en Bajo Tala, a la cual [&hellip;]<\/p>\n","protected":false},"author":4,"featured_media":22505,"comment_status":"open","ping_status":"closed","sticky":false,"template":"","format":"standard","meta":{"om_disable_all_campaigns":false,"_jetpack_memberships_contains_paid_content":false,"footnotes":""},"categories":[2,103],"tags":[],"class_list":["post-28765","post","type-post","status-publish","format-standard","has-post-thumbnail","hentry","category-locales","category-policiales-locales"],"aioseo_notices":[],"gutentor_comment":0,"jetpack_featured_media_url":"https:\/\/eldiariodesanpedro.com.ar\/sitio\/wp-content\/uploads\/2017\/08\/camioneta-policia-zona-rural.jpg","jetpack_shortlink":"https:\/\/wp.me\/p6RhLt-7tX","jetpack_sharing_enabled":true,"_links":{"self":[{"href":"https:\/\/eldiariodesanpedro.com.ar\/sitio\/wp-json\/wp\/v2\/posts\/28765","targetHints":{"allow":["GET"]}}],"collection":[{"href":"https:\/\/eldiariodesanpedro.com.ar\/sitio\/wp-json\/wp\/v2\/posts"}],"about":[{"href":"https:\/\/eldiariodesanpedro.com.ar\/sitio\/wp-json\/wp\/v2\/types\/post"}],"author":[{"embeddable":true,"href":"https:\/\/eldiariodesanpedro.com.ar\/sitio\/wp-json\/wp\/v2\/users\/4"}],"replies":[{"embeddable":true,"href":"https:\/\/eldiariodesanpedro.com.ar\/sitio\/wp-json\/wp\/v2\/comments?post=28765"}],"version-history":[{"count":1,"href":"https:\/\/eldiariodesanpedro.com.ar\/sitio\/wp-json\/wp\/v2\/posts\/28765\/revisions"}],"predecessor-version":[{"id":28766,"href":"https:\/\/eldiariodesanpedro.com.ar\/sitio\/wp-json\/wp\/v2\/posts\/28765\/revisions\/28766"}],"wp:featuredmedia":[{"embeddable":true,"href":"https:\/\/eldiariodesanpedro.com.ar\/sitio\/wp-json\/wp\/v2\/media\/22505"}],"wp:attachment":[{"href":"https:\/\/eldiariodesanpedro.com.ar\/sitio\/wp-json\/wp\/v2\/media?parent=28765"}],"wp:term":[{"taxonomy":"category","embeddable":true,"href":"https:\/\/eldiariodesanpedro.com.ar\/sitio\/wp-json\/wp\/v2\/categories?post=28765"},{"taxonomy":"post_tag","embeddable":true,"href":"https:\/\/eldiariodesanpedro.com.ar\/sitio\/wp-json\/wp\/v2\/tags?post=28765"}],"curies":[{"name":"wp","href":"https:\/\/api.w.org\/{rel}","templated":true}]}}