{"id":28749,"date":"2018-02-01T21:40:19","date_gmt":"2018-02-02T00:40:19","guid":{"rendered":"https:\/\/eldiariodesanpedro.com.ar\/sitio\/?p=28749"},"modified":"2018-02-01T21:40:19","modified_gmt":"2018-02-02T00:40:19","slug":"a-una-semana-del-asesinato-del-oficial-nelson-lillo-marcha-en-pedido-de-justicia","status":"publish","type":"post","link":"https:\/\/eldiariodesanpedro.com.ar\/sitio\/a-una-semana-del-asesinato-del-oficial-nelson-lillo-marcha-en-pedido-de-justicia\/","title":{"rendered":"A una semana del asesinato del oficial Nelson Lillo, marcha en pedido de justicia"},"content":{"rendered":"<p><!-- VideographyWP Plugin Message: Automatic video embedding prevented by plugin options. --><br \/>\n Se cumpli\u00f3 una semana del asesinato del efectivo de la Polic\u00eda Local Nelson Lillo, quien fue abatido cuando trat\u00f3 de evitar el robo a un cami\u00f3n de reparto perteneciente a una distribuidora de la localidad de Baradero.<\/p>\n<p>  En conmemoraci\u00f3n se realiz\u00f3 una marcha pidiendo justicia, organizada por los familiares y amigos del h\u00e9roe sampedrino. La misma inici\u00f3 a las 19:00 hs. y parti\u00f3 desde la Comisar\u00eda local, yendo por calle Mitre hasta llegar a la tradicional esquina de la Peatonal, donde se encontraron el padre y la hermana de Nelson con la abuela y la madre que, esperaban all\u00ed.<\/p>\n<p>  A pesar de la convocatoria a trav\u00e9s de las redes sociales y lo lamentable que fue para nuestra ciudad, no tuvo el acompa\u00f1amiento que se esperaba, no muchas personas marcharon para que haya justicia por Polic\u00eda ca\u00eddo.<\/p>\n<p>  Se pudo ver al Concejal Iv\u00e1n Paz muy acongojado, al Jefe Departamental Fabi\u00e1n Gallo y al Comisario Catalano, que fueron caminando a la par de todas las personas en un silencioso acompa\u00f1amiento.<\/p>\n<p>  En el lugar, la hermana habl\u00f3 con los medios presentes y dijo: \u00abNo tengo mucho m\u00e1s que agregar, s\u00f3lo pedir justicia por mi hermano, lo \u00fanico que pido es que a este delincuente no se lo vuelva a soltar y, que le den 20 o 30 a\u00f1os, pero que los cumpla, que no le terminen quitando a\u00f1os, que no salga m\u00e1s. Porque va a seguir matando, ya pas\u00f3 que lo soltaron y mat\u00f3 de nuevo\u00bb.<\/p>\n<p>  Adem\u00e1s, agreg\u00f3: \u00abMi hermano sac\u00f3 de una p\u00e1gina de internet de polic\u00edas un poema con el que se sent\u00eda muy identificado que dec\u00eda algo as\u00ed, como que no te deslumbre la chapa, ni que no te dejes coimear, cuando tengas todo eso que ten\u00e9s que tener, ah\u00ed si se va a llamar Polic\u00eda. \u00c9l se lo mostraba a mi pap\u00e1 y le dec\u00eda, \u2018mira p\u00e1, esto soy yo\u2019\u00bb.<\/p>\n<p>  Para finalizar agreg\u00f3: \u00abLo \u00fanico de lo que hablaba \u00e9l, era de su trabajo, todo el tiempo nos contaba las cosas que hac\u00eda cuando trabajaba. Era toda una vocaci\u00f3n para \u00e9l y viv\u00eda para eso. Inclusive \u00e9l lo dijo, \u00e9l nos dijo que se iba a ir con todos los honores y, as\u00ed se fue\u00bb.<\/p>\n","protected":false},"excerpt":{"rendered":"<p>Se cumpli\u00f3 una semana del asesinato del efectivo de la Polic\u00eda Local Nelson Lillo, quien fue abatido cuando trat\u00f3 de evitar el robo a un cami\u00f3n de reparto perteneciente a una distribuidora de la localidad de Baradero. En conmemoraci\u00f3n se realiz\u00f3 una marcha pidiendo justicia, organizada por los familiares y amigos del h\u00e9roe sampedrino. La [&hellip;]<\/p>\n","protected":false},"author":4,"featured_media":28750,"comment_status":"open","ping_status":"closed","sticky":false,"template":"","format":"standard","meta":{"om_disable_all_campaigns":false,"_jetpack_memberships_contains_paid_content":false,"footnotes":""},"categories":[50,2,103],"tags":[],"class_list":["post-28749","post","type-post","status-publish","format-standard","has-post-thumbnail","hentry","category-destacadas","category-locales","category-policiales-locales"],"aioseo_notices":[],"gutentor_comment":0,"jetpack_featured_media_url":"https:\/\/eldiariodesanpedro.com.ar\/sitio\/wp-content\/uploads\/2018\/02\/Nelson-Lillo-Marcha-por-Justicia-1.jpeg","jetpack_shortlink":"https:\/\/wp.me\/p6RhLt-7tH","jetpack_sharing_enabled":true,"_links":{"self":[{"href":"https:\/\/eldiariodesanpedro.com.ar\/sitio\/wp-json\/wp\/v2\/posts\/28749","targetHints":{"allow":["GET"]}}],"collection":[{"href":"https:\/\/eldiariodesanpedro.com.ar\/sitio\/wp-json\/wp\/v2\/posts"}],"about":[{"href":"https:\/\/eldiariodesanpedro.com.ar\/sitio\/wp-json\/wp\/v2\/types\/post"}],"author":[{"embeddable":true,"href":"https:\/\/eldiariodesanpedro.com.ar\/sitio\/wp-json\/wp\/v2\/users\/4"}],"replies":[{"embeddable":true,"href":"https:\/\/eldiariodesanpedro.com.ar\/sitio\/wp-json\/wp\/v2\/comments?post=28749"}],"version-history":[{"count":1,"href":"https:\/\/eldiariodesanpedro.com.ar\/sitio\/wp-json\/wp\/v2\/posts\/28749\/revisions"}],"predecessor-version":[{"id":28751,"href":"https:\/\/eldiariodesanpedro.com.ar\/sitio\/wp-json\/wp\/v2\/posts\/28749\/revisions\/28751"}],"wp:featuredmedia":[{"embeddable":true,"href":"https:\/\/eldiariodesanpedro.com.ar\/sitio\/wp-json\/wp\/v2\/media\/28750"}],"wp:attachment":[{"href":"https:\/\/eldiariodesanpedro.com.ar\/sitio\/wp-json\/wp\/v2\/media?parent=28749"}],"wp:term":[{"taxonomy":"category","embeddable":true,"href":"https:\/\/eldiariodesanpedro.com.ar\/sitio\/wp-json\/wp\/v2\/categories?post=28749"},{"taxonomy":"post_tag","embeddable":true,"href":"https:\/\/eldiariodesanpedro.com.ar\/sitio\/wp-json\/wp\/v2\/tags?post=28749"}],"curies":[{"name":"wp","href":"https:\/\/api.w.org\/{rel}","templated":true}]}}