{"id":286,"date":"2015-11-13T10:13:56","date_gmt":"2015-11-13T13:13:56","guid":{"rendered":"http:\/\/www.eldiariodesanpedro.com.ar\/?p=286"},"modified":"2026-01-23T23:21:40","modified_gmt":"2026-01-24T02:21:40","slug":"destacan-que-la-ley-de-control-de-tabaco-portena-genero-cambios-de-habito","status":"publish","type":"post","link":"https:\/\/eldiariodesanpedro.com.ar\/sitio\/destacan-que-la-ley-de-control-de-tabaco-portena-genero-cambios-de-habito\/","title":{"rendered":"Destacan que la Ley de Control de Tabaco porte\u00f1a gener\u00f3 \u00abcambios de h\u00e1bito\u00bb"},"content":{"rendered":"<p><!-- VideographyWP Plugin Message: Automatic video embedding prevented by plugin options. --><br \/>\n(NA) &#8211; La Ley de Control de Tabaco porte\u00f1a cumpli\u00f3 diez a\u00f1os desde su sanci\u00f3n y quienes la impulsaron destacaron la importancia de la norma, que provoc\u00f3 \u00abgrandes cambios en los h\u00e1bitos\u00bb de las personas en relaci\u00f3n al consumo de cigarrillos y los espacios libres de humo.<br \/>\nEn pleno marco del D\u00eda Internacional del Aire Puro, que se conmemora el jueves 19 de noviembre, autoridades del Ministerio de Salud del Gobierno de la Ciudad de Buenos Aires, conjuntamente con<br \/>\nel legislador porte\u00f1o del PRO Iv\u00e1n Petrella, conmemoraron los 10 a\u00f1os de la sanci\u00f3n de la ley N\u00ba 1799.<br \/>\nPara el diputado Petrella, se trata de una \u00abley de avanzada\u00bb que provoc\u00f3 un \u00abefecto domin\u00f3\u00bb, ya que tras su sanci\u00f3n \u00abotras provincias la tomaron como ejemplo para sancionar las suyas\u00bb.<br \/>\nLa norma fue sancionada el 29 de septiembre de 2005 y entr\u00f3 en vigencia el 1\u00b0 de marzo de 2006 para edificios p\u00fablicos y el 1\u00b0 de octubre de ese mismo a\u00f1o para bares y restaurantes.<br \/>\nFue producto del trabajo de diversos legisladores, entre ellos Paula Bertol, Norberto La Porta y Helio Rebot, acompa\u00f1ados por la Red Tabaco o Salud y la sociedad civil, representada en ese<br \/>\nmomento por la Uni\u00f3n Antitab\u00e1quica Argentina (UATA).<br \/>\nBertol, destac\u00f3 \u00abel apoyo social a estas leyes\u00bb y se mostr\u00f3 muy satisfecha por la \u00abefectividad mostrada\u00bb.<br \/>\nAdem\u00e1s, apoy\u00f3 la iniciativa de extender las restricciones a parques y plazas \u00abpara proteger la salud de todos\u00bb.<br \/>\nEntre muchos otros contenidos, fue una ley que se destac\u00f3 por prohibir fumar en todos los espacios cerrados con acceso p\u00fablico del \u00e1mbito p\u00fablico y privado.<br \/>\nA\u00f1os despu\u00e9s, el 13 de diciembre de 2010, se sancion\u00f3 la ley n\u00b0 3.718, modificatoria de la n\u00b0 1.799, una iniciativa que ampli\u00f3 la prohibici\u00f3n de fumar a todos los espacios cerrados con acceso<br \/>\np\u00fablico del \u00e1mbito p\u00fablico y privado de la Ciudad de Buenos Aires, exceptuando claramente s\u00f3lo a un grupo espec\u00edfico de establecimientos, como por ejemplo los penitenciarios y las instituciones de salud mental.<br \/>\nLa normativa surgi\u00f3 a partir de una iniciativa de Helio Rebot y otros diputados del PRO, la Coalici\u00f3n C\u00edvica, la Uni\u00f3n C\u00edvica Radical, Di\u00e1logo por Buenos Aires, la Uni\u00f3n Federal, Proyecto Sur<br \/>\ny el Socialismo.<br \/>\nDurante el encuentro, el legislador Ivan Petrella y autoridades del Ministerio de Salud del Gobierno de la Ciudad de Buenos Aires, aprovecharon para entregar distinciones a las Organizaciones de la Sociedad Civil y periodistas que colaboraron en el proceso de la sanci\u00f3n e implementaci\u00f3n de la ley.<\/p>\n","protected":false},"excerpt":{"rendered":"<p>(NA) &#8211; La Ley de Control de Tabaco porte\u00f1a cumpli\u00f3 diez a\u00f1os desde su sanci\u00f3n y quienes la impulsaron destacaron la importancia de la norma, que provoc\u00f3 \u00abgrandes cambios en los h\u00e1bitos\u00bb de las personas en relaci\u00f3n al consumo de cigarrillos y los espacios libres de humo. En pleno marco del D\u00eda Internacional del Aire [&hellip;]<\/p>\n","protected":false},"author":4,"featured_media":288,"comment_status":"open","ping_status":"closed","sticky":false,"template":"","format":"standard","meta":{"om_disable_all_campaigns":false,"_jetpack_memberships_contains_paid_content":false,"footnotes":""},"categories":[3],"tags":[],"class_list":["post-286","post","type-post","status-publish","format-standard","has-post-thumbnail","hentry","category-nacionales"],"aioseo_notices":[],"gutentor_comment":0,"jetpack_featured_media_url":"https:\/\/eldiariodesanpedro.com.ar\/sitio\/wp-content\/uploads\/2015\/11\/Ley-control-tabaco-foto-archivo.jpg","jetpack_shortlink":"https:\/\/wp.me\/p6RhLt-4C","jetpack_sharing_enabled":true,"_links":{"self":[{"href":"https:\/\/eldiariodesanpedro.com.ar\/sitio\/wp-json\/wp\/v2\/posts\/286","targetHints":{"allow":["GET"]}}],"collection":[{"href":"https:\/\/eldiariodesanpedro.com.ar\/sitio\/wp-json\/wp\/v2\/posts"}],"about":[{"href":"https:\/\/eldiariodesanpedro.com.ar\/sitio\/wp-json\/wp\/v2\/types\/post"}],"author":[{"embeddable":true,"href":"https:\/\/eldiariodesanpedro.com.ar\/sitio\/wp-json\/wp\/v2\/users\/4"}],"replies":[{"embeddable":true,"href":"https:\/\/eldiariodesanpedro.com.ar\/sitio\/wp-json\/wp\/v2\/comments?post=286"}],"version-history":[{"count":1,"href":"https:\/\/eldiariodesanpedro.com.ar\/sitio\/wp-json\/wp\/v2\/posts\/286\/revisions"}],"predecessor-version":[{"id":289,"href":"https:\/\/eldiariodesanpedro.com.ar\/sitio\/wp-json\/wp\/v2\/posts\/286\/revisions\/289"}],"wp:featuredmedia":[{"embeddable":true,"href":"https:\/\/eldiariodesanpedro.com.ar\/sitio\/wp-json\/wp\/v2\/media\/288"}],"wp:attachment":[{"href":"https:\/\/eldiariodesanpedro.com.ar\/sitio\/wp-json\/wp\/v2\/media?parent=286"}],"wp:term":[{"taxonomy":"category","embeddable":true,"href":"https:\/\/eldiariodesanpedro.com.ar\/sitio\/wp-json\/wp\/v2\/categories?post=286"},{"taxonomy":"post_tag","embeddable":true,"href":"https:\/\/eldiariodesanpedro.com.ar\/sitio\/wp-json\/wp\/v2\/tags?post=286"}],"curies":[{"name":"wp","href":"https:\/\/api.w.org\/{rel}","templated":true}]}}