{"id":28597,"date":"2018-01-30T11:12:11","date_gmt":"2018-01-30T14:12:11","guid":{"rendered":"https:\/\/eldiariodesanpedro.com.ar\/sitio\/?p=28597"},"modified":"2018-01-30T11:12:11","modified_gmt":"2018-01-30T14:12:11","slug":"baradero-un-policia-choco-con-su-auto-y-se-quiso-dar-a-la-fuga","status":"publish","type":"post","link":"https:\/\/eldiariodesanpedro.com.ar\/sitio\/baradero-un-policia-choco-con-su-auto-y-se-quiso-dar-a-la-fuga\/","title":{"rendered":"BARADERO: Un polic\u00eda choc\u00f3 con su auto y se quiso dar a la fuga"},"content":{"rendered":"<p><!-- VideographyWP Plugin Message: Automatic video embedding prevented by plugin options. --><br \/>\nEn la ma\u00f1ana del lunes, en calle Mart\u00edn de Gainza al 1800, se produjo una colisi\u00f3n entre dos autom\u00f3viles que circulaban en el mismo sentido.<\/p>\n<p>La Volkswagen Suran, en la que viajaban una familia de turistas, oriundos de Moreno, es chocada al intentar pasarla un Renault Clio. Tras el impacto, y al ver que el Renault no se deten\u00eda el conductor de la Suran lo persigui\u00f3 cuatro cuadras y lo oblig\u00f3 parar cruz\u00e1ndole el auto, el Cl\u00edo quiso retroceder y gracias a una camioneta que ven\u00eda circulando qued\u00f3 atrapado.<\/p>\n<p>El joven que intent\u00f3 huir, no ten\u00eda carnet de conducir y el seguro estaba vencido, por esa raz\u00f3n, para imponerse present\u00f3 una credencial de polic\u00eda, situaci\u00f3n que gener\u00f3 mayor enojo por parte del matrimonio damnificado, quienes ped\u00edan la presencia policial en el lugar, algo que se demor\u00f3 m\u00e1s de lo normal y al llegar se pusieron muy nerviosos por la situaci\u00f3n.<\/p>\n<p>Julieta, una de las personas damnificadas explic\u00f3 como sucedi\u00f3 el accidente y el intento de fuga;<\/p>\n<p>\u201cNosotros vinimos por dos d\u00edas ac\u00e1 a la cuidad de Baradero y hoy a la ma\u00f1ana sal\u00edamos de compras y ven\u00edamos con el auto y nos pas\u00f3 por la mano izquierda un Renault Clio y nos rasp\u00f3, nos roz\u00f3 todo el auto y se dio a la fuga. Entonces mi marido que iba manejando lo sigui\u00f3 y le tuvo que cruzar el auto, cuando le cruza el auto, retrocede y se quiere volver a dar a la fuga y ah\u00ed es cuando yo me bajo corriendo y le abro la puerta para que no se escape y lo traba una camioneta de atr\u00e1s. Momentos despu\u00e9s me doy cuenta que el se\u00f1or este estaba alcoholizado, que no tenia documentos al d\u00eda, la desesperaci\u00f3n y el mal momento nuestro es terrible\u201d.<\/p>\n<p>\u00bfEsta persona es polic\u00eda?<br \/>\n\u201cEs una persona de unos 30 y pico de a\u00f1os y encima polic\u00eda, porque cuando le pedimos los documentos ten\u00eda la p\u00f3liza vencida, no ten\u00eda el carnet y vemos la credencial que era polic\u00eda. No dec\u00eda nada, despu\u00e9s admiti\u00f3 que era su culpa y que \u00e9l era el culpable.<br \/>\nAhora en este momento, est\u00e1n los polic\u00edas pidi\u00e9ndoles los documentos y viendo haber que sanci\u00f3n se va a tomar\u201d.<\/p>\n<p>\u00bfC\u00f3mo est\u00e1n ustedes?<br \/>\n\u201cLa verdad que amargados, con miedo porque yo ven\u00eda con mi sobrina y mi hijo de dos a\u00f1os y por miedo que le pasara algo es que estoy totalmente angustiada.<br \/>\nSi estuvimos en un camping ac\u00e1 alojados anoche, llegamos ayer a la ma\u00f1ana y hoy a la tarde ya nos \u00edbamos.\u201d     <\/p>\n<p>El Comisario Mart\u00ednez, quien se encontraba en la Departamental de San Nicol\u00e1s, al enterarse de lo ocurrido solicit\u00f3 la inmediata intervenci\u00f3n de la auditor\u00eda y la realizaci\u00f3n de un test de alcoholemia, y agreg\u00f3 en un breve dialogo con BTI, \u201cse evaluar\u00e1n las medidas a tomar de acuerdo a las pruebas y testimonios\u201d, el Jefe de la Comunal, no descart\u00f3 la posibilidad de que sea desafectarlo de la fuerza.<\/p>\n<p>Fuente: Baradero Te Informa<\/p>\n","protected":false},"excerpt":{"rendered":"<p>En la ma\u00f1ana del lunes, en calle Mart\u00edn de Gainza al 1800, se produjo una colisi\u00f3n entre dos autom\u00f3viles que circulaban en el mismo sentido. La Volkswagen Suran, en la que viajaban una familia de turistas, oriundos de Moreno, es chocada al intentar pasarla un Renault Clio. Tras el impacto, y al ver que el [&hellip;]<\/p>\n","protected":false},"author":4,"featured_media":28599,"comment_status":"open","ping_status":"closed","sticky":false,"template":"","format":"standard","meta":{"om_disable_all_campaigns":false,"_jetpack_memberships_contains_paid_content":false,"footnotes":""},"categories":[621],"tags":[],"class_list":["post-28597","post","type-post","status-publish","format-standard","has-post-thumbnail","hentry","category-regionales"],"aioseo_notices":[],"gutentor_comment":0,"jetpack_featured_media_url":"https:\/\/eldiariodesanpedro.com.ar\/sitio\/wp-content\/uploads\/2018\/01\/IMG-20180129-WA0022-640x480.jpg","jetpack_shortlink":"https:\/\/wp.me\/p6RhLt-7rf","jetpack_sharing_enabled":true,"_links":{"self":[{"href":"https:\/\/eldiariodesanpedro.com.ar\/sitio\/wp-json\/wp\/v2\/posts\/28597","targetHints":{"allow":["GET"]}}],"collection":[{"href":"https:\/\/eldiariodesanpedro.com.ar\/sitio\/wp-json\/wp\/v2\/posts"}],"about":[{"href":"https:\/\/eldiariodesanpedro.com.ar\/sitio\/wp-json\/wp\/v2\/types\/post"}],"author":[{"embeddable":true,"href":"https:\/\/eldiariodesanpedro.com.ar\/sitio\/wp-json\/wp\/v2\/users\/4"}],"replies":[{"embeddable":true,"href":"https:\/\/eldiariodesanpedro.com.ar\/sitio\/wp-json\/wp\/v2\/comments?post=28597"}],"version-history":[{"count":2,"href":"https:\/\/eldiariodesanpedro.com.ar\/sitio\/wp-json\/wp\/v2\/posts\/28597\/revisions"}],"predecessor-version":[{"id":28600,"href":"https:\/\/eldiariodesanpedro.com.ar\/sitio\/wp-json\/wp\/v2\/posts\/28597\/revisions\/28600"}],"wp:featuredmedia":[{"embeddable":true,"href":"https:\/\/eldiariodesanpedro.com.ar\/sitio\/wp-json\/wp\/v2\/media\/28599"}],"wp:attachment":[{"href":"https:\/\/eldiariodesanpedro.com.ar\/sitio\/wp-json\/wp\/v2\/media?parent=28597"}],"wp:term":[{"taxonomy":"category","embeddable":true,"href":"https:\/\/eldiariodesanpedro.com.ar\/sitio\/wp-json\/wp\/v2\/categories?post=28597"},{"taxonomy":"post_tag","embeddable":true,"href":"https:\/\/eldiariodesanpedro.com.ar\/sitio\/wp-json\/wp\/v2\/tags?post=28597"}],"curies":[{"name":"wp","href":"https:\/\/api.w.org\/{rel}","templated":true}]}}