{"id":28592,"date":"2018-01-30T10:54:37","date_gmt":"2018-01-30T13:54:37","guid":{"rendered":"https:\/\/eldiariodesanpedro.com.ar\/sitio\/?p=28592"},"modified":"2018-01-30T10:54:37","modified_gmt":"2018-01-30T13:54:37","slug":"grilla-de-horarios-para-los-shows-este-finde-se-semana-del-festival-de-rock-en-baradero","status":"publish","type":"post","link":"https:\/\/eldiariodesanpedro.com.ar\/sitio\/grilla-de-horarios-para-los-shows-este-finde-se-semana-del-festival-de-rock-en-baradero\/","title":{"rendered":"Grilla de horarios para los shows este finde se semana del festival de Rock en Baradero"},"content":{"rendered":"<p><!-- VideographyWP Plugin Message: Automatic video embedding prevented by plugin options. --><br \/>\nSe viene la cuarta edici\u00f3n de Rock en Baradero y una experiencia inolvidable comienza a latir. El 2, 3 y 4 de febrero llega el festival m\u00e1s grande de la provincia de Buenos Aires que a\u00f1o a a\u00f1o supera expectativas y, fiel a su estilo, tendr\u00e1 en el 2018 una formidable versi\u00f3n con nuevas propuestas y atracciones para que todos tengan un fin de semana para el recuerdo. Tres d\u00edas con las mejores bandas, la expresi\u00f3n viva de la escena musical actual en un contexto inmejorable. La intervenci\u00f3n de artistas pl\u00e1sticos y diversas propuestas colectivas confluyendo en una experiencia \u00fanica, a cielo abierto a 1 hora de Buenos Aires y Rosario, ideal para una escapada de fin de semana. Un espacio de relax con mayor diversidad de propuestas en gastronom\u00eda (m\u00e1s de 10 food trucks), el Parador con bandas en vivo desde enero durante todo el verano. Rock en Baradero 2018 es la expresi\u00f3n m\u00e1s clara de los nuevos sucesos emergentes, el que une a bandas de todos los g\u00e9neros del pa\u00eds. Entradas a la venta a trav\u00e9s de Mercado Libre y TuEntrada.com <\/p>\n<p>EL FESTIVAL DE TUS VACACIONES<br \/>\n@ROCKENBARADERO<br \/>\n #REB18<br \/>\n\u00a1M\u00c1S DE 60 ARTISTAS!<br \/>\n3 ESCENARIOS<br \/>\nA 1 HORA DE TU CASA<br \/>\nEL MEJOR PLAN PARA IR CON AMIGOS<\/p>\n<p>BANDAS:<\/p>\n<p>Viernes 2 de febrero<br \/>\n15.05 Barro<br \/>\n15.30 Norkeo Experimento<br \/>\n16.00 Patagonia Revelde<br \/>\n16.30 Viva Elastico<br \/>\n17.00 Roma<br \/>\n17.30 Todo Aparenta normal<br \/>\n18.00 Helker<br \/>\n18.30 Virtual Frizz<br \/>\n19.00 El Buen Salvaje<br \/>\n19.30 Bestia Bebe<br \/>\n20.00 Pez<br \/>\n20.45 Huevo<br \/>\n21.15 Massacre<br \/>\n22.05 Eruca Sativa<br \/>\n22.50 Attaque 77<br \/>\n23.50 Carajo<br \/>\n00.40 Iorio<\/p>\n<p>S\u00e1bado 3 de febrero<br \/>\n15.05 Sebastian Pacini<br \/>\n15.30 Tamboor<br \/>\n16.00 Bandalos Chinos<br \/>\n16.30 Rivales<br \/>\n17.00 Perras On the Beach<br \/>\n17.30 Louta<br \/>\n18.00 Usted Se\u00f1alemelo<br \/>\n18.30 El Plan de la Mariposa<br \/>\n19.00 Lo Pibito<br \/>\n19.30 Boom Boom Kid<br \/>\n20.00 Miss Bolivia<br \/>\n20.30 Coti<br \/>\n21.00 El Kuelgue<br \/>\n21.30 Cruzando el Charco<br \/>\n22.00 Turf<br \/>\n22.30 Los Caligaris<br \/>\n23.00 Nonpalidece<br \/>\n23.50 Cielo Razzo<br \/>\n00.30 Kapanga<br \/>\n01.30 La 25<\/p>\n<p>Domingo 4 de febrero<br \/>\n15.05 Mezcal<br \/>\n15.25 Caracol a contramano<br \/>\n15.50 Peces Raros<br \/>\n16.15 La Mono<br \/>\n16.45 La Movida<br \/>\n17.15 Coverheads<br \/>\n17.45 Jeites<br \/>\n18.15 Los Tipitos<br \/>\n18.45 Pampa Yakuza<br \/>\n19.15 Piti Fernandez<br \/>\n19.55 Zona Ganjah<br \/>\n20.40 Sue\u00f1o de Pescado<br \/>\n21.25 Nagual<br \/>\n22.05 El Bordo<br \/>\n22.55 De La Gran Pi\u00f1ata<br \/>\n23.35 Guasones<\/p>\n","protected":false},"excerpt":{"rendered":"<p>Se viene la cuarta edici\u00f3n de Rock en Baradero y una experiencia inolvidable comienza a latir. El 2, 3 y 4 de febrero llega el festival m\u00e1s grande de la provincia de Buenos Aires que a\u00f1o a a\u00f1o supera expectativas y, fiel a su estilo, tendr\u00e1 en el 2018 una formidable versi\u00f3n con nuevas propuestas [&hellip;]<\/p>\n","protected":false},"author":4,"featured_media":28593,"comment_status":"open","ping_status":"closed","sticky":false,"template":"","format":"standard","meta":{"om_disable_all_campaigns":false,"_jetpack_memberships_contains_paid_content":false,"footnotes":""},"categories":[50,101,2,621],"tags":[],"class_list":["post-28592","post","type-post","status-publish","format-standard","has-post-thumbnail","hentry","category-destacadas","category-interes-general-locales","category-locales","category-regionales"],"aioseo_notices":[],"gutentor_comment":0,"jetpack_featured_media_url":"https:\/\/eldiariodesanpedro.com.ar\/sitio\/wp-content\/uploads\/2018\/01\/Line-Up-con-Horarios-Horizontal.png","jetpack_shortlink":"https:\/\/wp.me\/p6RhLt-7ra","jetpack_sharing_enabled":true,"_links":{"self":[{"href":"https:\/\/eldiariodesanpedro.com.ar\/sitio\/wp-json\/wp\/v2\/posts\/28592","targetHints":{"allow":["GET"]}}],"collection":[{"href":"https:\/\/eldiariodesanpedro.com.ar\/sitio\/wp-json\/wp\/v2\/posts"}],"about":[{"href":"https:\/\/eldiariodesanpedro.com.ar\/sitio\/wp-json\/wp\/v2\/types\/post"}],"author":[{"embeddable":true,"href":"https:\/\/eldiariodesanpedro.com.ar\/sitio\/wp-json\/wp\/v2\/users\/4"}],"replies":[{"embeddable":true,"href":"https:\/\/eldiariodesanpedro.com.ar\/sitio\/wp-json\/wp\/v2\/comments?post=28592"}],"version-history":[{"count":1,"href":"https:\/\/eldiariodesanpedro.com.ar\/sitio\/wp-json\/wp\/v2\/posts\/28592\/revisions"}],"predecessor-version":[{"id":28594,"href":"https:\/\/eldiariodesanpedro.com.ar\/sitio\/wp-json\/wp\/v2\/posts\/28592\/revisions\/28594"}],"wp:featuredmedia":[{"embeddable":true,"href":"https:\/\/eldiariodesanpedro.com.ar\/sitio\/wp-json\/wp\/v2\/media\/28593"}],"wp:attachment":[{"href":"https:\/\/eldiariodesanpedro.com.ar\/sitio\/wp-json\/wp\/v2\/media?parent=28592"}],"wp:term":[{"taxonomy":"category","embeddable":true,"href":"https:\/\/eldiariodesanpedro.com.ar\/sitio\/wp-json\/wp\/v2\/categories?post=28592"},{"taxonomy":"post_tag","embeddable":true,"href":"https:\/\/eldiariodesanpedro.com.ar\/sitio\/wp-json\/wp\/v2\/tags?post=28592"}],"curies":[{"name":"wp","href":"https:\/\/api.w.org\/{rel}","templated":true}]}}