{"id":28590,"date":"2018-01-30T10:14:12","date_gmt":"2018-01-30T13:14:12","guid":{"rendered":"https:\/\/eldiariodesanpedro.com.ar\/sitio\/?p=28590"},"modified":"2018-01-30T10:14:12","modified_gmt":"2018-01-30T13:14:12","slug":"se-aprehendio-a-un-delincuente-que-habia-robado-a-un-hombre-de-67-anos","status":"publish","type":"post","link":"https:\/\/eldiariodesanpedro.com.ar\/sitio\/se-aprehendio-a-un-delincuente-que-habia-robado-a-un-hombre-de-67-anos\/","title":{"rendered":"Se aprehendi\u00f3 a un delincuente que hab\u00eda robado a un hombre de 67 a\u00f1os"},"content":{"rendered":"<p><!-- VideographyWP Plugin Message: Automatic video embedding prevented by plugin options. --><br \/>\nEste martes en horas de la madrugada alrededor de la 01:00 aproximadamente el personal policial de esta dependencia en circunstancias en que se hallaba de recorrida por calle saavedra entre calle Los Andes y La Laguna de este medio constato que varias personas corr\u00edan a un masculino el cual momentos antes hab\u00eda golpeado a victima un masculino de 67 a\u00f1os de edad en virtud de que le hab\u00eda querido sustraer la bicicleta tipo playera de hombre rodado 26 y la billetera que tenia en su poder.<\/p>\n<p>Seguidamente los efectivos procedieron a la aprehensi\u00f3n de imputado de 35 a\u00f1os de edad, el mismo permanecer\u00e1 alojado hasta la fecha siendo  trasladado a primera hora a sede judicial.<\/p>\n","protected":false},"excerpt":{"rendered":"<p>Este martes en horas de la madrugada alrededor de la 01:00 aproximadamente el personal policial de esta dependencia en circunstancias en que se hallaba de recorrida por calle saavedra entre calle Los Andes y La Laguna de este medio constato que varias personas corr\u00edan a un masculino el cual momentos antes hab\u00eda golpeado a victima [&hellip;]<\/p>\n","protected":false},"author":4,"featured_media":20446,"comment_status":"open","ping_status":"closed","sticky":false,"template":"","format":"standard","meta":{"om_disable_all_campaigns":false,"_jetpack_memberships_contains_paid_content":false,"footnotes":""},"categories":[2,103],"tags":[],"class_list":["post-28590","post","type-post","status-publish","format-standard","has-post-thumbnail","hentry","category-locales","category-policiales-locales"],"aioseo_notices":[],"gutentor_comment":0,"jetpack_featured_media_url":"https:\/\/eldiariodesanpedro.com.ar\/sitio\/wp-content\/uploads\/2017\/07\/detenido-3-1.jpg","jetpack_shortlink":"https:\/\/wp.me\/p6RhLt-7r8","jetpack_sharing_enabled":true,"_links":{"self":[{"href":"https:\/\/eldiariodesanpedro.com.ar\/sitio\/wp-json\/wp\/v2\/posts\/28590","targetHints":{"allow":["GET"]}}],"collection":[{"href":"https:\/\/eldiariodesanpedro.com.ar\/sitio\/wp-json\/wp\/v2\/posts"}],"about":[{"href":"https:\/\/eldiariodesanpedro.com.ar\/sitio\/wp-json\/wp\/v2\/types\/post"}],"author":[{"embeddable":true,"href":"https:\/\/eldiariodesanpedro.com.ar\/sitio\/wp-json\/wp\/v2\/users\/4"}],"replies":[{"embeddable":true,"href":"https:\/\/eldiariodesanpedro.com.ar\/sitio\/wp-json\/wp\/v2\/comments?post=28590"}],"version-history":[{"count":1,"href":"https:\/\/eldiariodesanpedro.com.ar\/sitio\/wp-json\/wp\/v2\/posts\/28590\/revisions"}],"predecessor-version":[{"id":28591,"href":"https:\/\/eldiariodesanpedro.com.ar\/sitio\/wp-json\/wp\/v2\/posts\/28590\/revisions\/28591"}],"wp:featuredmedia":[{"embeddable":true,"href":"https:\/\/eldiariodesanpedro.com.ar\/sitio\/wp-json\/wp\/v2\/media\/20446"}],"wp:attachment":[{"href":"https:\/\/eldiariodesanpedro.com.ar\/sitio\/wp-json\/wp\/v2\/media?parent=28590"}],"wp:term":[{"taxonomy":"category","embeddable":true,"href":"https:\/\/eldiariodesanpedro.com.ar\/sitio\/wp-json\/wp\/v2\/categories?post=28590"},{"taxonomy":"post_tag","embeddable":true,"href":"https:\/\/eldiariodesanpedro.com.ar\/sitio\/wp-json\/wp\/v2\/tags?post=28590"}],"curies":[{"name":"wp","href":"https:\/\/api.w.org\/{rel}","templated":true}]}}