{"id":28575,"date":"2018-01-29T20:31:27","date_gmt":"2018-01-29T23:31:27","guid":{"rendered":"https:\/\/eldiariodesanpedro.com.ar\/sitio\/?p=28575"},"modified":"2018-01-29T20:31:27","modified_gmt":"2018-01-29T23:31:27","slug":"visita-institucional-de-la-diputada-provincial-sandra-paris","status":"publish","type":"post","link":"https:\/\/eldiariodesanpedro.com.ar\/sitio\/visita-institucional-de-la-diputada-provincial-sandra-paris\/","title":{"rendered":"Visita Institucional de la Diputada provincial Sandra Par\u00eds"},"content":{"rendered":"<p><!-- VideographyWP Plugin Message: Automatic video embedding prevented by plugin options. --><br \/>\nEl Intendente Cecilio Salazar brind\u00f3 una conferencia de prensa junto a la Diputada provincial por la Segunda Secci\u00f3n Sandra Par\u00eds, que visit\u00f3 San Pedro ayer por la ma\u00f1ana. La visita institucional recibida se enmarc\u00f3 en el Proyecto de Ley solicitado por el Intendente para la creaci\u00f3n de un Juzgado de Garant\u00edas en nuestra ciudad. Adem\u00e1s, el Intendente se refiri\u00f3 al hecho delictivo y de asesinato ocurrido d\u00edas atr\u00e1s en nuestra ciudad.<\/p>\n<p>  En principio, agradeci\u00f3 la visita de la Diputada provincial Sandra Par\u00eds y luego, se refiri\u00f3 al hecho policial de p\u00fablico conocimiento m\u00e1s grave de los \u00faltimos tiempos ocurrido en nuestra ciudad.<\/p>\n<p>  Expres\u00f3 su tristeza por el fallecimiento del efectivo policial asesinado y record\u00f3 que hace un mes atr\u00e1s hab\u00edan condecorado a Nelson en el mismo sal\u00f3n en el que debieron velarlo. <\/p>\n<p>  Adem\u00e1s, ratific\u00f3 con convicci\u00f3n sus dichos luego del hecho delictivo \u201cUn sector de la Justicia garantista est\u00e1 actuando de la manera que act\u00faa, por ah\u00ed alg\u00fan Fiscal se sinti\u00f3 tocado por esto, pero en este caso no me refer\u00eda a \u00e9l, que es un buen funcionario y trabaja bien, pero no podemos negar lo que pasa a nivel nacional\u201d. <\/p>\n<p>  Aclarando que \u201cHay un sector de la Justicia que libera r\u00e1pidamente a los delincuentes, refiri\u00e9ndome a lo que nos pasa a los argentinos; vemos que la Polic\u00eda est\u00e1 trabajando bien y la Justicia libera a quienes ellos detienen\u201d. <\/p>\n<p>  Tambi\u00e9n felicit\u00f3 a sus funcionarios y polic\u00edas por la labor llevada a cabo en estos d\u00edas. \u201cFelicito a todos los funcionarios y a la Polic\u00eda, a todos los que estuvieron al lado m\u00edo y acompa\u00f1aron a la familia de Nelson que estaba pasando por un momento dram\u00e1tico\u201d.<\/p>\n<p>  Al referirse a la detenci\u00f3n de Branto dijo: \u201cDentro de la desgracia que nos toca vivir, el delincuente est\u00e1 detenido y, d\u00e1ndome la raz\u00f3n, le faltaban cumplir 10 a\u00f1os de su condena y, sin embargo, ya estaba en la calle con salidas transitorias\u201d.<\/p>\n<p>  \u201cLiberan a estos delincuentes, los ponen en la calle y caminan al lado de nuestros hijos y terminan matando o violando inocentes. Esto debe terminar, sentenci\u00f3 Salazar\u201d. Y ansi\u00f3: \u201cOjal\u00e1 que el Congreso nacional sancione r\u00e1pidamente las modificaciones en la Ley Penal para que estos delincuentes no est\u00e9n nunca m\u00e1s entre nosotros\u201d.<\/p>\n<p><strong>La Diputada Par\u00eds<\/strong><br \/>\n  \u201cVinimos a acompa\u00f1ar a todo el pueblo de San Pedro que est\u00e1 de luto y a Cecilio que, adem\u00e1s de ser Intendente, es una persona de bien que le hace frente a los problemas y a las dificultades\u201d.<\/p>\n<p>  Con respecto a la creaci\u00f3n de un Juzgado de Garant\u00edas ella coment\u00f3 que ya se hab\u00eda comunicado con el Ministro de Justicia de la Provincia y con el vice-Gobernador y, que ya han quedado que en las pr\u00f3ximas semanas se reunir\u00e1n para plantear cuestiones sobre el Proyecto presentado por Salazar.<\/p>\n<p>  \u201cLa creaci\u00f3n de un Juzgado de Garant\u00edas es una necesidad para la sociedad, para complementar un poco la rueda jur\u00eddica que se hace entre la Fiscal\u00eda, el Juzgado, la Defensor\u00eda y todo lo que tiene que ver con el accionar de la Justicia\u201d explic\u00f3 Paris.<\/p>\n<p>  Adem\u00e1s, ampli\u00f3 que nuestro Intendente ya hab\u00eda presentado este proyecto hace un tiempo atr\u00e1s, un expediente con datos muy importantes que corresponden al Distrito y, que ya est\u00e1 todo su equipo trabajando en el mismo para ser presentado ma\u00f1ana en la Legislatura, para que tome estado parlamentario a partir del 1\u00b0 de marzo cuando comiencen las sesiones ordinarias.<\/p>\n<p>  La Diputada asegur\u00f3: \u201cEs un compromiso nuestro trabajar para que este proyecto se convierta en Ley y que el Juzgado sea una realidad en la ciudad. Iremos a ver a la Presidente de la Corte y tambi\u00e9n pediremos una entrevista al vice-Gobernador y a todos los organismos del Estado, porque esto es una facultad legislativa acompa\u00f1ada de una decisi\u00f3n del Poder Judicial\u201d.<\/p>\n<p>  Aclarando posteriormente que \u201cEl armado es complejo y adem\u00e1s requiere de presupuesto, pero eso ser\u00e1 la pr\u00f3xima etapa, lo importante es cumplir con lo que hoy est\u00e1 reclamando el Intendente desde hace bastante tiempo\u201d.  \u201cLas estad\u00edsticas del tipo de delitos justifican la creaci\u00f3n de un Juzgado de Garant\u00edas, y hoy, el Ministro de Justicia trabaja en una reforma del mapa judicial donde se van a dividir los distintos departamentos judiciales, pero todo esto es un proceso\u201d.<\/p>\n<p>  Para que todos podamos comprender, Par\u00eds detall\u00f3: \u201cCon el Juzgado de Garant\u00edas en la ciudad, se evitar\u00eda todo lo que hoy sucede con las causas. Hoy van a San Nicol\u00e1s donde realmente se impersonalizan, se desconoce qui\u00e9n es el delincuente, c\u00f3mo ocurri\u00f3 el hecho, el dolor que, en este caso, ustedes como sociedad est\u00e1n sintiendo; en San Nicol\u00e1s pueden solidarizarse, pero no es lo mismo para el que vive ac\u00e1. Si el juez forma parte de la comunidad va a entender que es lo que la propia comunidad est\u00e1 sintiendo m\u00e1s all\u00e1 de las leyes que \u00e9l deba cumplir\u201d<\/p>\n<p><strong>El Intendente Salazar<\/strong><br \/>\n  \u201cSandra va a presentar el proyecto en el Congreso porque creo que es necesario un Juzgado de Garant\u00edas en San Pedro, que todos sepamos quienes son los jueces o fiscales que fallan a favor o en contra en cada situaci\u00f3n de delito.<\/p>\n<p>  La polic\u00eda trabaja bien y mucho, casi todos los delitos ocurridos en la ciudad se han esclarecido, pero lamentablemente al poco tiempo los delincuentes est\u00e1n de nuevo en la calle. Ese es el gran problema que tenemos, que la Justicia los libera r\u00e1pidamente.<\/p>\n<p>  Si tenemos en San Pedro a los jueces de garant\u00eda, vamos a poder reclamarles en persona los fallos, no ser\u00e1 la soluci\u00f3n de fondo, pero es parte del cambio que queremos para esta realidad que vivimos \u00a1No queremos que nos pase ning\u00fan Nelson m\u00e1s!\u201d <\/p>\n","protected":false},"excerpt":{"rendered":"<p>El Intendente Cecilio Salazar brind\u00f3 una conferencia de prensa junto a la Diputada provincial por la Segunda Secci\u00f3n Sandra Par\u00eds, que visit\u00f3 San Pedro ayer por la ma\u00f1ana. La visita institucional recibida se enmarc\u00f3 en el Proyecto de Ley solicitado por el Intendente para la creaci\u00f3n de un Juzgado de Garant\u00edas en nuestra ciudad. Adem\u00e1s, [&hellip;]<\/p>\n","protected":false},"author":4,"featured_media":28577,"comment_status":"open","ping_status":"closed","sticky":false,"template":"","format":"standard","meta":{"om_disable_all_campaigns":false,"_jetpack_memberships_contains_paid_content":false,"footnotes":""},"categories":[2,102],"tags":[],"class_list":["post-28575","post","type-post","status-publish","format-standard","has-post-thumbnail","hentry","category-locales","category-politica-locales"],"aioseo_notices":[],"gutentor_comment":0,"jetpack_featured_media_url":"https:\/\/eldiariodesanpedro.com.ar\/sitio\/wp-content\/uploads\/2018\/01\/itnendente-salazar-junto-a-diputada-Sandra-Paris.jpg","jetpack_shortlink":"https:\/\/wp.me\/p6RhLt-7qT","jetpack_sharing_enabled":true,"_links":{"self":[{"href":"https:\/\/eldiariodesanpedro.com.ar\/sitio\/wp-json\/wp\/v2\/posts\/28575","targetHints":{"allow":["GET"]}}],"collection":[{"href":"https:\/\/eldiariodesanpedro.com.ar\/sitio\/wp-json\/wp\/v2\/posts"}],"about":[{"href":"https:\/\/eldiariodesanpedro.com.ar\/sitio\/wp-json\/wp\/v2\/types\/post"}],"author":[{"embeddable":true,"href":"https:\/\/eldiariodesanpedro.com.ar\/sitio\/wp-json\/wp\/v2\/users\/4"}],"replies":[{"embeddable":true,"href":"https:\/\/eldiariodesanpedro.com.ar\/sitio\/wp-json\/wp\/v2\/comments?post=28575"}],"version-history":[{"count":1,"href":"https:\/\/eldiariodesanpedro.com.ar\/sitio\/wp-json\/wp\/v2\/posts\/28575\/revisions"}],"predecessor-version":[{"id":28578,"href":"https:\/\/eldiariodesanpedro.com.ar\/sitio\/wp-json\/wp\/v2\/posts\/28575\/revisions\/28578"}],"wp:featuredmedia":[{"embeddable":true,"href":"https:\/\/eldiariodesanpedro.com.ar\/sitio\/wp-json\/wp\/v2\/media\/28577"}],"wp:attachment":[{"href":"https:\/\/eldiariodesanpedro.com.ar\/sitio\/wp-json\/wp\/v2\/media?parent=28575"}],"wp:term":[{"taxonomy":"category","embeddable":true,"href":"https:\/\/eldiariodesanpedro.com.ar\/sitio\/wp-json\/wp\/v2\/categories?post=28575"},{"taxonomy":"post_tag","embeddable":true,"href":"https:\/\/eldiariodesanpedro.com.ar\/sitio\/wp-json\/wp\/v2\/tags?post=28575"}],"curies":[{"name":"wp","href":"https:\/\/api.w.org\/{rel}","templated":true}]}}