{"id":28572,"date":"2018-01-29T20:29:42","date_gmt":"2018-01-29T23:29:42","guid":{"rendered":"https:\/\/eldiariodesanpedro.com.ar\/sitio\/?p=28572"},"modified":"2018-01-29T20:29:42","modified_gmt":"2018-01-29T23:29:42","slug":"colonia-de-verano-2018","status":"publish","type":"post","link":"https:\/\/eldiariodesanpedro.com.ar\/sitio\/colonia-de-verano-2018\/","title":{"rendered":"Colonia de Verano 2018"},"content":{"rendered":"<p><!-- VideographyWP Plugin Message: Automatic video embedding prevented by plugin options. --><br \/>\nEl programa Envi\u00f3n, el cual se desarrolla desde el \u00c1rea Redes Comunitarias de la Secretar\u00eda de Desarrollo Humano, est\u00e1 realizando la Colonia de Verano en sus tres sedes. <\/p>\n<p>  Los chicos de los Barrios Canaletas, Depietri y la localidad de Gobernador Castro, est\u00e1n disfrutando de la Colonia los lunes, mi\u00e9rcoles y viernes, por la tarde en el predio de Mansa LyFE.<\/p>\n<p>  De esta manera los chicos disfrutan del r\u00edo y de la naturaleza, cuidados y acompa\u00f1ados por el equipo t\u00e9cnico y por los tutores. <\/p>\n<p>  Por la tarde comparten la merienda y realizan juegos recreativos y de integraci\u00f3n que permite el acercamiento entre los diferentes barrios.<\/p>\n","protected":false},"excerpt":{"rendered":"<p>El programa Envi\u00f3n, el cual se desarrolla desde el \u00c1rea Redes Comunitarias de la Secretar\u00eda de Desarrollo Humano, est\u00e1 realizando la Colonia de Verano en sus tres sedes. Los chicos de los Barrios Canaletas, Depietri y la localidad de Gobernador Castro, est\u00e1n disfrutando de la Colonia los lunes, mi\u00e9rcoles y viernes, por la tarde en [&hellip;]<\/p>\n","protected":false},"author":4,"featured_media":28574,"comment_status":"open","ping_status":"closed","sticky":false,"template":"","format":"standard","meta":{"om_disable_all_campaigns":false,"_jetpack_memberships_contains_paid_content":false,"footnotes":""},"categories":[101,2],"tags":[],"class_list":["post-28572","post","type-post","status-publish","format-standard","has-post-thumbnail","hentry","category-interes-general-locales","category-locales"],"aioseo_notices":[],"gutentor_comment":0,"jetpack_featured_media_url":"https:\/\/eldiariodesanpedro.com.ar\/sitio\/wp-content\/uploads\/2018\/01\/Colonia-de-verano.jpg","jetpack_shortlink":"https:\/\/wp.me\/p6RhLt-7qQ","jetpack_sharing_enabled":true,"_links":{"self":[{"href":"https:\/\/eldiariodesanpedro.com.ar\/sitio\/wp-json\/wp\/v2\/posts\/28572","targetHints":{"allow":["GET"]}}],"collection":[{"href":"https:\/\/eldiariodesanpedro.com.ar\/sitio\/wp-json\/wp\/v2\/posts"}],"about":[{"href":"https:\/\/eldiariodesanpedro.com.ar\/sitio\/wp-json\/wp\/v2\/types\/post"}],"author":[{"embeddable":true,"href":"https:\/\/eldiariodesanpedro.com.ar\/sitio\/wp-json\/wp\/v2\/users\/4"}],"replies":[{"embeddable":true,"href":"https:\/\/eldiariodesanpedro.com.ar\/sitio\/wp-json\/wp\/v2\/comments?post=28572"}],"version-history":[{"count":1,"href":"https:\/\/eldiariodesanpedro.com.ar\/sitio\/wp-json\/wp\/v2\/posts\/28572\/revisions"}],"predecessor-version":[{"id":28576,"href":"https:\/\/eldiariodesanpedro.com.ar\/sitio\/wp-json\/wp\/v2\/posts\/28572\/revisions\/28576"}],"wp:featuredmedia":[{"embeddable":true,"href":"https:\/\/eldiariodesanpedro.com.ar\/sitio\/wp-json\/wp\/v2\/media\/28574"}],"wp:attachment":[{"href":"https:\/\/eldiariodesanpedro.com.ar\/sitio\/wp-json\/wp\/v2\/media?parent=28572"}],"wp:term":[{"taxonomy":"category","embeddable":true,"href":"https:\/\/eldiariodesanpedro.com.ar\/sitio\/wp-json\/wp\/v2\/categories?post=28572"},{"taxonomy":"post_tag","embeddable":true,"href":"https:\/\/eldiariodesanpedro.com.ar\/sitio\/wp-json\/wp\/v2\/tags?post=28572"}],"curies":[{"name":"wp","href":"https:\/\/api.w.org\/{rel}","templated":true}]}}