{"id":28570,"date":"2018-01-29T20:28:33","date_gmt":"2018-01-29T23:28:33","guid":{"rendered":"https:\/\/eldiariodesanpedro.com.ar\/sitio\/?p=28570"},"modified":"2018-01-29T20:28:33","modified_gmt":"2018-01-29T23:28:33","slug":"ciclo-de-cine-de-verano-en-la-plaza-belgrano","status":"publish","type":"post","link":"https:\/\/eldiariodesanpedro.com.ar\/sitio\/ciclo-de-cine-de-verano-en-la-plaza-belgrano\/","title":{"rendered":"Ciclo de Cine de Verano en la Plaza Belgrano"},"content":{"rendered":"<p><!-- VideographyWP Plugin Message: Automatic video embedding prevented by plugin options. --><br \/>\n  El pasado domingo 28 se proyect\u00f3 la pel\u00edcula \u201cEl Concursante\u201d protagonizada por Leonardo Sbaraglia, este pr\u00f3ximo mes de febrero seguir\u00e1 el ciclo con nuevas pel\u00edculas.<\/p>\n<p><strong>Cronograma de pel\u00edculas de febrero<\/strong><br \/>\n04\/02 La Cordillera<br \/>\n18\/02 El rey de la Monta\u00f1a<br \/>\n25\/02 Casi leyendas<\/p>\n<p>  Antes de cada funci\u00f3n de cine, y a partir de las 19:00 hs. Selva e Iv\u00e1n dar\u00e1n clases de salsa de las que el p\u00fablico podr\u00e1 participar, en el mismo espacio de la Plaza Belgrano.<\/p>\n","protected":false},"excerpt":{"rendered":"<p>El pasado domingo 28 se proyect\u00f3 la pel\u00edcula \u201cEl Concursante\u201d protagonizada por Leonardo Sbaraglia, este pr\u00f3ximo mes de febrero seguir\u00e1 el ciclo con nuevas pel\u00edculas. Cronograma de pel\u00edculas de febrero 04\/02 La Cordillera 18\/02 El rey de la Monta\u00f1a 25\/02 Casi leyendas Antes de cada funci\u00f3n de cine, y a partir de las 19:00 hs. [&hellip;]<\/p>\n","protected":false},"author":4,"featured_media":28571,"comment_status":"open","ping_status":"closed","sticky":false,"template":"","format":"standard","meta":{"om_disable_all_campaigns":false,"_jetpack_memberships_contains_paid_content":false,"footnotes":""},"categories":[101,2],"tags":[],"class_list":["post-28570","post","type-post","status-publish","format-standard","has-post-thumbnail","hentry","category-interes-general-locales","category-locales"],"aioseo_notices":[],"gutentor_comment":0,"jetpack_featured_media_url":"https:\/\/eldiariodesanpedro.com.ar\/sitio\/wp-content\/uploads\/2018\/01\/Ciclo-de-cine-en-la-Plaza-Belgrano.jpg","jetpack_shortlink":"https:\/\/wp.me\/p6RhLt-7qO","jetpack_sharing_enabled":true,"_links":{"self":[{"href":"https:\/\/eldiariodesanpedro.com.ar\/sitio\/wp-json\/wp\/v2\/posts\/28570","targetHints":{"allow":["GET"]}}],"collection":[{"href":"https:\/\/eldiariodesanpedro.com.ar\/sitio\/wp-json\/wp\/v2\/posts"}],"about":[{"href":"https:\/\/eldiariodesanpedro.com.ar\/sitio\/wp-json\/wp\/v2\/types\/post"}],"author":[{"embeddable":true,"href":"https:\/\/eldiariodesanpedro.com.ar\/sitio\/wp-json\/wp\/v2\/users\/4"}],"replies":[{"embeddable":true,"href":"https:\/\/eldiariodesanpedro.com.ar\/sitio\/wp-json\/wp\/v2\/comments?post=28570"}],"version-history":[{"count":1,"href":"https:\/\/eldiariodesanpedro.com.ar\/sitio\/wp-json\/wp\/v2\/posts\/28570\/revisions"}],"predecessor-version":[{"id":28573,"href":"https:\/\/eldiariodesanpedro.com.ar\/sitio\/wp-json\/wp\/v2\/posts\/28570\/revisions\/28573"}],"wp:featuredmedia":[{"embeddable":true,"href":"https:\/\/eldiariodesanpedro.com.ar\/sitio\/wp-json\/wp\/v2\/media\/28571"}],"wp:attachment":[{"href":"https:\/\/eldiariodesanpedro.com.ar\/sitio\/wp-json\/wp\/v2\/media?parent=28570"}],"wp:term":[{"taxonomy":"category","embeddable":true,"href":"https:\/\/eldiariodesanpedro.com.ar\/sitio\/wp-json\/wp\/v2\/categories?post=28570"},{"taxonomy":"post_tag","embeddable":true,"href":"https:\/\/eldiariodesanpedro.com.ar\/sitio\/wp-json\/wp\/v2\/tags?post=28570"}],"curies":[{"name":"wp","href":"https:\/\/api.w.org\/{rel}","templated":true}]}}