{"id":28559,"date":"2018-01-29T19:53:12","date_gmt":"2018-01-29T22:53:12","guid":{"rendered":"https:\/\/eldiariodesanpedro.com.ar\/sitio\/?p=28559"},"modified":"2018-01-29T19:53:12","modified_gmt":"2018-01-29T22:53:12","slug":"san-nicolas-preocupacion-por-un-supuesto-abusador","status":"publish","type":"post","link":"https:\/\/eldiariodesanpedro.com.ar\/sitio\/san-nicolas-preocupacion-por-un-supuesto-abusador\/","title":{"rendered":"SAN NICOL\u00c1S: Preocupaci\u00f3n por un supuesto abusador"},"content":{"rendered":"<p><!-- VideographyWP Plugin Message: Automatic video embedding prevented by plugin options. --><br \/>\nA partir de la detenci\u00f3n de un sujeto de 34 a\u00f1os que en la v\u00eda p\u00fablica habr\u00eda manoseado a una joven, en las redes sociales comenz\u00f3 a circular informaci\u00f3n sobre el presunto abusador y fueron varias las mujeres que lo acusan de acoso. Desde Fiscal\u00eda piden que se hagan las denuncias en sede policial.<\/p>\n<p>  D\u00edas pasados en EL NORTE se daba la informaci\u00f3n de que un hombre de 34 a\u00f1os hab\u00eda sido detenido en calle Belgrano entre San Mart\u00edn y 9 de Julio por agentes del orden ya que momentos antes habr\u00eda manoseado sobre las prendas de vestir, las partes \u00edntimas de una joven. <\/p>\n<p>  Se le labraron actuaciones bajo caratula \u201cAbuso sexual simple\u201d, con intervenci\u00f3n de la UFI N\u00b0 6 a cargo del Dr. Mart\u00edn Mariezcurrena.<\/p>\n<p>  A partir de esta informaci\u00f3n, desde este medio fuimos tomando conocimiento de que el individuo sindicado habr\u00eda cometido m\u00e1s de estos actos en la ciudad y que ser\u00edan varias las v\u00edctimas, gener\u00e1ndose una ola de miedo.<\/p>\n<p>  En las redes sociales comenz\u00f3 a circular la foto del individuo se\u00f1alado como abusador y fueron cientos los mensajes de mujeres que pidieron informaci\u00f3n al respecto. De hecho, se crearon grupos de WhatsApp para advertir sobre el mismo.<\/p>\n<p><strong>Redes<\/strong><br \/>\n  Por lo que pudimos tomar conocimiento, el sujeto estar\u00eda rondando por zona sur y el centro y son varias las mujeres que en las redes sociales reconocieron al mismo por la foto y comentaron que habr\u00edan tenido problemas de distinta \u00edndole con ese individuo, ya sea porque les grita obscenidades o intenta abusarlas, e incluso llegaron a mencionar la posibilidad de realizar una marcha. En algunos casos dicen que se habr\u00eda metido en comercios donde hay vendedoras solas y las habr\u00eda acosado de forma f\u00edsica y verbal.<\/p>\n<p>  Lo que se denuncia en la red es que este sujeto habr\u00eda manoseado a m\u00e1s personas, inclusive a ni\u00f1as peque\u00f1as por lo que la foto del sindicado circula en los celulares tambi\u00e9n a modo de advertencia.<\/p>\n<p>  EL NORTE estuvo en contacto con la Fiscal\u00eda donde advirtieron de que el mismo habr\u00eda sido detenido pero que no hay m\u00e1s denuncias contra \u00e9l que permitan armar una causa m\u00e1s grande por lo que solicitan a aquellos que hayan sido v\u00edctimas de este acosador que radiquen la denuncia en la comisar\u00eda y de esa manera puedan darle herramientas a la justicia para poder actuar. En el caso anteriormente mencionado la fiscal\u00eda sigui\u00f3 el protocolo que se toma en estos hechos tomando testimonios y dialogando con la victima para actuar contra el agresor, que en esa ocasi\u00f3n manose\u00f3 a la mujer sobre la ropa. Antes de que la cuesti\u00f3n pase a mayores es importante realizar la denuncia correspondiente.<\/p>\n<p>Fuente: Diario El Norte<\/p>\n","protected":false},"excerpt":{"rendered":"<p>A partir de la detenci\u00f3n de un sujeto de 34 a\u00f1os que en la v\u00eda p\u00fablica habr\u00eda manoseado a una joven, en las redes sociales comenz\u00f3 a circular informaci\u00f3n sobre el presunto abusador y fueron varias las mujeres que lo acusan de acoso. Desde Fiscal\u00eda piden que se hagan las denuncias en sede policial. D\u00edas [&hellip;]<\/p>\n","protected":false},"author":4,"featured_media":28560,"comment_status":"open","ping_status":"closed","sticky":false,"template":"","format":"standard","meta":{"om_disable_all_campaigns":false,"_jetpack_memberships_contains_paid_content":false,"footnotes":""},"categories":[621],"tags":[],"class_list":["post-28559","post","type-post","status-publish","format-standard","has-post-thumbnail","hentry","category-regionales"],"aioseo_notices":[],"gutentor_comment":0,"jetpack_featured_media_url":"https:\/\/eldiariodesanpedro.com.ar\/sitio\/wp-content\/uploads\/2018\/01\/abuso-3.jpg","jetpack_shortlink":"https:\/\/wp.me\/p6RhLt-7qD","jetpack_sharing_enabled":true,"_links":{"self":[{"href":"https:\/\/eldiariodesanpedro.com.ar\/sitio\/wp-json\/wp\/v2\/posts\/28559","targetHints":{"allow":["GET"]}}],"collection":[{"href":"https:\/\/eldiariodesanpedro.com.ar\/sitio\/wp-json\/wp\/v2\/posts"}],"about":[{"href":"https:\/\/eldiariodesanpedro.com.ar\/sitio\/wp-json\/wp\/v2\/types\/post"}],"author":[{"embeddable":true,"href":"https:\/\/eldiariodesanpedro.com.ar\/sitio\/wp-json\/wp\/v2\/users\/4"}],"replies":[{"embeddable":true,"href":"https:\/\/eldiariodesanpedro.com.ar\/sitio\/wp-json\/wp\/v2\/comments?post=28559"}],"version-history":[{"count":1,"href":"https:\/\/eldiariodesanpedro.com.ar\/sitio\/wp-json\/wp\/v2\/posts\/28559\/revisions"}],"predecessor-version":[{"id":28561,"href":"https:\/\/eldiariodesanpedro.com.ar\/sitio\/wp-json\/wp\/v2\/posts\/28559\/revisions\/28561"}],"wp:featuredmedia":[{"embeddable":true,"href":"https:\/\/eldiariodesanpedro.com.ar\/sitio\/wp-json\/wp\/v2\/media\/28560"}],"wp:attachment":[{"href":"https:\/\/eldiariodesanpedro.com.ar\/sitio\/wp-json\/wp\/v2\/media?parent=28559"}],"wp:term":[{"taxonomy":"category","embeddable":true,"href":"https:\/\/eldiariodesanpedro.com.ar\/sitio\/wp-json\/wp\/v2\/categories?post=28559"},{"taxonomy":"post_tag","embeddable":true,"href":"https:\/\/eldiariodesanpedro.com.ar\/sitio\/wp-json\/wp\/v2\/tags?post=28559"}],"curies":[{"name":"wp","href":"https:\/\/api.w.org\/{rel}","templated":true}]}}