{"id":28554,"date":"2018-01-29T19:48:02","date_gmt":"2018-01-29T22:48:02","guid":{"rendered":"https:\/\/eldiariodesanpedro.com.ar\/sitio\/?p=28554"},"modified":"2018-01-29T19:48:02","modified_gmt":"2018-01-29T22:48:02","slug":"arrecifes-dos-jovenes-fallecidos-tras-accidente-en-moto","status":"publish","type":"post","link":"https:\/\/eldiariodesanpedro.com.ar\/sitio\/arrecifes-dos-jovenes-fallecidos-tras-accidente-en-moto\/","title":{"rendered":"ARRECIFES: Dos j\u00f3venes fallecidos tras accidente en moto"},"content":{"rendered":"<p><!-- VideographyWP Plugin Message: Automatic video embedding prevented by plugin options. --><br \/>\n  El choque ocurri\u00f3 el domingo por la ma\u00f1ana y durante la tarde murieron los dos tripulantes de la motocicleta. Los j\u00f3venes circulaban en moto por Avenida Per\u00f3n, al llegar a la esquina con Rivadavia, impactaron en forma violenta contra una columna.<\/p>\n<p>Seg\u00fan publica \u201cArrecifes Noticias\u201d el rodado, marca Motomel de 110 cc, qued\u00f3 literalmente destruido y sus pasajeros fueron trasladados al Hospital Municipal con heridas de gravedad.<\/p>\n<p>  Pese a los esfuerzos del personal de salud del nosocomio, pasadas las 14:00 hs. se confirm\u00f3 la triste noticia del fallecimiento de uno de ellos, un menor de 17 a\u00f1os. <\/p>\n<p>  Alrededor de las 17.00 hs. se inform\u00f3 que el otro joven tambi\u00e9n hab\u00eda fallecido producto de las graves heridas sufridas.<\/p>\n","protected":false},"excerpt":{"rendered":"<p>El choque ocurri\u00f3 el domingo por la ma\u00f1ana y durante la tarde murieron los dos tripulantes de la motocicleta. Los j\u00f3venes circulaban en moto por Avenida Per\u00f3n, al llegar a la esquina con Rivadavia, impactaron en forma violenta contra una columna. Seg\u00fan publica \u201cArrecifes Noticias\u201d el rodado, marca Motomel de 110 cc, qued\u00f3 literalmente destruido [&hellip;]<\/p>\n","protected":false},"author":4,"featured_media":28557,"comment_status":"open","ping_status":"closed","sticky":false,"template":"","format":"standard","meta":{"om_disable_all_campaigns":false,"_jetpack_memberships_contains_paid_content":false,"footnotes":""},"categories":[621],"tags":[],"class_list":["post-28554","post","type-post","status-publish","format-standard","has-post-thumbnail","hentry","category-regionales"],"aioseo_notices":[],"gutentor_comment":0,"jetpack_featured_media_url":"https:\/\/eldiariodesanpedro.com.ar\/sitio\/wp-content\/uploads\/2018\/01\/Moto-accidente-arrecifes.jpg","jetpack_shortlink":"https:\/\/wp.me\/p6RhLt-7qy","jetpack_sharing_enabled":true,"_links":{"self":[{"href":"https:\/\/eldiariodesanpedro.com.ar\/sitio\/wp-json\/wp\/v2\/posts\/28554","targetHints":{"allow":["GET"]}}],"collection":[{"href":"https:\/\/eldiariodesanpedro.com.ar\/sitio\/wp-json\/wp\/v2\/posts"}],"about":[{"href":"https:\/\/eldiariodesanpedro.com.ar\/sitio\/wp-json\/wp\/v2\/types\/post"}],"author":[{"embeddable":true,"href":"https:\/\/eldiariodesanpedro.com.ar\/sitio\/wp-json\/wp\/v2\/users\/4"}],"replies":[{"embeddable":true,"href":"https:\/\/eldiariodesanpedro.com.ar\/sitio\/wp-json\/wp\/v2\/comments?post=28554"}],"version-history":[{"count":1,"href":"https:\/\/eldiariodesanpedro.com.ar\/sitio\/wp-json\/wp\/v2\/posts\/28554\/revisions"}],"predecessor-version":[{"id":28558,"href":"https:\/\/eldiariodesanpedro.com.ar\/sitio\/wp-json\/wp\/v2\/posts\/28554\/revisions\/28558"}],"wp:featuredmedia":[{"embeddable":true,"href":"https:\/\/eldiariodesanpedro.com.ar\/sitio\/wp-json\/wp\/v2\/media\/28557"}],"wp:attachment":[{"href":"https:\/\/eldiariodesanpedro.com.ar\/sitio\/wp-json\/wp\/v2\/media?parent=28554"}],"wp:term":[{"taxonomy":"category","embeddable":true,"href":"https:\/\/eldiariodesanpedro.com.ar\/sitio\/wp-json\/wp\/v2\/categories?post=28554"},{"taxonomy":"post_tag","embeddable":true,"href":"https:\/\/eldiariodesanpedro.com.ar\/sitio\/wp-json\/wp\/v2\/tags?post=28554"}],"curies":[{"name":"wp","href":"https:\/\/api.w.org\/{rel}","templated":true}]}}