{"id":28550,"date":"2018-01-29T19:42:43","date_gmt":"2018-01-29T22:42:43","guid":{"rendered":"https:\/\/eldiariodesanpedro.com.ar\/sitio\/?p=28550"},"modified":"2018-01-29T19:42:43","modified_gmt":"2018-01-29T22:42:43","slug":"san-nicolas-abusaron-de-una-mujer-en-departamento-ubicado-en-la-zona-centrica-el-agresor-ya-fue-detenido","status":"publish","type":"post","link":"https:\/\/eldiariodesanpedro.com.ar\/sitio\/san-nicolas-abusaron-de-una-mujer-en-departamento-ubicado-en-la-zona-centrica-el-agresor-ya-fue-detenido\/","title":{"rendered":"SAN NICOL\u00c1S: Abusaron de una mujer en departamento ubicado en la zona c\u00e9ntrica, el agresor ya fue detenido"},"content":{"rendered":"<p><!-- VideographyWP Plugin Message: Automatic video embedding prevented by plugin options. --><br \/>\nEl hecho se dio en la madrugada del domingo, y fue perpetrado por una pareja que ingres\u00f3 al domicilio de la v\u00edctima. Tambi\u00e9n le robaron su celular. Tras constatar im\u00e1genes de c\u00e1maras de seguridad de la zona, lograron detener al autor del hecho, que ser\u00eda un joven con antecedentes. Buscan a la c\u00f3mplice del delincuente.<\/p>\n<p>  El hecho ocurri\u00f3 el pasado domingo en zona c\u00e9ntrica, alrededor de las 5:00 de la madrugada, en un edificio de calle Pellegrini al 200. Una pareja ingres\u00f3 por el port\u00f3n del frente y accedieron a uno de los departamentos que ten\u00eda una puerta balc\u00f3n sin traba.<\/p>\n<p>  La v\u00edctima tiene 59 a\u00f1os, vive sola, y fue sorprendida por dos personas que abusaron de ella durante dos horas aproximadamente y la golpearon violentamente, en especial en el rostro. En todo momento habr\u00eda sido apuntada con un arma de fuego.<\/p>\n<p>  La mujer debi\u00f3 ser internada en el Hospital San Felipe debido a los golpes recibidos. Adem\u00e1s de someterla a dichas vejaciones, se llevaron su celular. <\/p>\n<p>  Fue revisada por el m\u00e9dico de Polic\u00eda quien constat\u00f3 laceraciones en zona vaginal. El hecho es investigado por la UFI N\u00b0 3 a cargo de la Fiscal Bel\u00e9n Ba\u00f1os. La car\u00e1tula por el momento es Robo Calificado y Abuso Sexual.<\/p>\n<p>  La v\u00edctima hasta el momento no declar\u00f3, se encuentra en shock y consternada por lo sucedido. Fue asistida por personal de la Comisar\u00eda de la mujer y la familia. Personal de la DDI se encuentra abocado a la investigaci\u00f3n, requiriendo material f\u00edlmico de c\u00e1maras municipales y privadas, entre otros elementos.<\/p>\n<p>  Se intenta saber si fue un abuso y robo perpetrado por una pareja conocedora de la v\u00edctima o, fue circunstancial y al boleo. Se aguarda la testimonial de la mujer que aportar\u00e1 elementos necesarios.<\/p>\n<p>  La Dra. Bel\u00e9n Ba\u00f1os confirm\u00f3 a este medio que ya fue identificado y detenido el presunto autor del hecho. <\/p>\n<p>Fuente: Diario El Norte<\/p>\n","protected":false},"excerpt":{"rendered":"<p>El hecho se dio en la madrugada del domingo, y fue perpetrado por una pareja que ingres\u00f3 al domicilio de la v\u00edctima. Tambi\u00e9n le robaron su celular. Tras constatar im\u00e1genes de c\u00e1maras de seguridad de la zona, lograron detener al autor del hecho, que ser\u00eda un joven con antecedentes. Buscan a la c\u00f3mplice del delincuente. [&hellip;]<\/p>\n","protected":false},"author":4,"featured_media":28551,"comment_status":"open","ping_status":"closed","sticky":false,"template":"","format":"standard","meta":{"om_disable_all_campaigns":false,"_jetpack_memberships_contains_paid_content":false,"footnotes":""},"categories":[621],"tags":[],"class_list":["post-28550","post","type-post","status-publish","format-standard","has-post-thumbnail","hentry","category-regionales"],"aioseo_notices":[],"gutentor_comment":0,"jetpack_featured_media_url":"https:\/\/eldiariodesanpedro.com.ar\/sitio\/wp-content\/uploads\/2018\/01\/La-v\u00edctima-se-encuentra-internada-y-en-estado-de-shock.jpg","jetpack_shortlink":"https:\/\/wp.me\/p6RhLt-7qu","jetpack_sharing_enabled":true,"_links":{"self":[{"href":"https:\/\/eldiariodesanpedro.com.ar\/sitio\/wp-json\/wp\/v2\/posts\/28550","targetHints":{"allow":["GET"]}}],"collection":[{"href":"https:\/\/eldiariodesanpedro.com.ar\/sitio\/wp-json\/wp\/v2\/posts"}],"about":[{"href":"https:\/\/eldiariodesanpedro.com.ar\/sitio\/wp-json\/wp\/v2\/types\/post"}],"author":[{"embeddable":true,"href":"https:\/\/eldiariodesanpedro.com.ar\/sitio\/wp-json\/wp\/v2\/users\/4"}],"replies":[{"embeddable":true,"href":"https:\/\/eldiariodesanpedro.com.ar\/sitio\/wp-json\/wp\/v2\/comments?post=28550"}],"version-history":[{"count":1,"href":"https:\/\/eldiariodesanpedro.com.ar\/sitio\/wp-json\/wp\/v2\/posts\/28550\/revisions"}],"predecessor-version":[{"id":28555,"href":"https:\/\/eldiariodesanpedro.com.ar\/sitio\/wp-json\/wp\/v2\/posts\/28550\/revisions\/28555"}],"wp:featuredmedia":[{"embeddable":true,"href":"https:\/\/eldiariodesanpedro.com.ar\/sitio\/wp-json\/wp\/v2\/media\/28551"}],"wp:attachment":[{"href":"https:\/\/eldiariodesanpedro.com.ar\/sitio\/wp-json\/wp\/v2\/media?parent=28550"}],"wp:term":[{"taxonomy":"category","embeddable":true,"href":"https:\/\/eldiariodesanpedro.com.ar\/sitio\/wp-json\/wp\/v2\/categories?post=28550"},{"taxonomy":"post_tag","embeddable":true,"href":"https:\/\/eldiariodesanpedro.com.ar\/sitio\/wp-json\/wp\/v2\/tags?post=28550"}],"curies":[{"name":"wp","href":"https:\/\/api.w.org\/{rel}","templated":true}]}}