{"id":2839,"date":"2016-04-11T12:03:18","date_gmt":"2016-04-11T15:03:18","guid":{"rendered":"http:\/\/www.eldiariodesanpedro.com.ar\/?p=2839"},"modified":"2016-04-11T12:03:18","modified_gmt":"2016-04-11T15:03:18","slug":"robaron-una-mochila-auto","status":"publish","type":"post","link":"https:\/\/eldiariodesanpedro.com.ar\/sitio\/robaron-una-mochila-auto\/","title":{"rendered":"Robaron una mochila de un auto"},"content":{"rendered":"<p><!-- VideographyWP Plugin Message: Automatic video embedding prevented by plugin options. --><br \/>\nLa mujer que radic\u00f3 la denuncia en la comisar\u00eda relat\u00f3 que, el viernes por la ma\u00f1ana, cuando se hallaba en una peluquer\u00eda de nuestra ciudad, vio c\u00f3mo un sujeto, sin violentar su veh\u00edculo, que se hallaba estacionado en la v\u00eda p\u00fablica, le sustrajo una mochila con elementos personales.<br \/>\nLuego de ello, se dio a la fuga a bordo de una motocicleta en la que lo esperaba otra persona.<br \/>\nEn el caso interviene la UFI N\u00b0 7.<\/p>\n","protected":false},"excerpt":{"rendered":"<p>La mujer que radic\u00f3 la denuncia en la comisar\u00eda relat\u00f3 que, el viernes por la ma\u00f1ana, cuando se hallaba en una peluquer\u00eda de nuestra ciudad, vio c\u00f3mo un sujeto, sin violentar su veh\u00edculo, que se hallaba estacionado en la v\u00eda p\u00fablica, le sustrajo una mochila con elementos personales. Luego de ello, se dio a la [&hellip;]<\/p>\n","protected":false},"author":4,"featured_media":2693,"comment_status":"open","ping_status":"closed","sticky":false,"template":"","format":"standard","meta":{"om_disable_all_campaigns":false,"_jetpack_memberships_contains_paid_content":false,"footnotes":""},"categories":[101,2],"tags":[359,358,307],"class_list":["post-2839","post","type-post","status-publish","format-standard","has-post-thumbnail","hentry","category-interes-general-locales","category-locales","tag-auto","tag-mochila","tag-robaron"],"aioseo_notices":[],"gutentor_comment":0,"jetpack_featured_media_url":"https:\/\/eldiariodesanpedro.com.ar\/sitio\/wp-content\/uploads\/2016\/04\/Policia-Bonaerense.jpg","jetpack_shortlink":"https:\/\/wp.me\/p6RhLt-JN","jetpack_sharing_enabled":true,"_links":{"self":[{"href":"https:\/\/eldiariodesanpedro.com.ar\/sitio\/wp-json\/wp\/v2\/posts\/2839","targetHints":{"allow":["GET"]}}],"collection":[{"href":"https:\/\/eldiariodesanpedro.com.ar\/sitio\/wp-json\/wp\/v2\/posts"}],"about":[{"href":"https:\/\/eldiariodesanpedro.com.ar\/sitio\/wp-json\/wp\/v2\/types\/post"}],"author":[{"embeddable":true,"href":"https:\/\/eldiariodesanpedro.com.ar\/sitio\/wp-json\/wp\/v2\/users\/4"}],"replies":[{"embeddable":true,"href":"https:\/\/eldiariodesanpedro.com.ar\/sitio\/wp-json\/wp\/v2\/comments?post=2839"}],"version-history":[{"count":1,"href":"https:\/\/eldiariodesanpedro.com.ar\/sitio\/wp-json\/wp\/v2\/posts\/2839\/revisions"}],"predecessor-version":[{"id":2840,"href":"https:\/\/eldiariodesanpedro.com.ar\/sitio\/wp-json\/wp\/v2\/posts\/2839\/revisions\/2840"}],"wp:featuredmedia":[{"embeddable":true,"href":"https:\/\/eldiariodesanpedro.com.ar\/sitio\/wp-json\/wp\/v2\/media\/2693"}],"wp:attachment":[{"href":"https:\/\/eldiariodesanpedro.com.ar\/sitio\/wp-json\/wp\/v2\/media?parent=2839"}],"wp:term":[{"taxonomy":"category","embeddable":true,"href":"https:\/\/eldiariodesanpedro.com.ar\/sitio\/wp-json\/wp\/v2\/categories?post=2839"},{"taxonomy":"post_tag","embeddable":true,"href":"https:\/\/eldiariodesanpedro.com.ar\/sitio\/wp-json\/wp\/v2\/tags?post=2839"}],"curies":[{"name":"wp","href":"https:\/\/api.w.org\/{rel}","templated":true}]}}