{"id":2836,"date":"2016-04-11T12:01:54","date_gmt":"2016-04-11T15:01:54","guid":{"rendered":"http:\/\/www.eldiariodesanpedro.com.ar\/?p=2836"},"modified":"2016-04-11T12:01:54","modified_gmt":"2016-04-11T15:01:54","slug":"dos-accidentes-lesionados-graves-sabado","status":"publish","type":"post","link":"https:\/\/eldiariodesanpedro.com.ar\/sitio\/dos-accidentes-lesionados-graves-sabado\/","title":{"rendered":"Dos accidentes con lesionados graves durante el s\u00e1bado"},"content":{"rendered":"<p><!-- VideographyWP Plugin Message: Automatic video embedding prevented by plugin options. --><br \/>\nUn sujeto de 19 a\u00f1os result\u00f3 gravemente lesionado en un siniestro ocurrido en calle Caseros. El joven motociclista se dirig\u00eda en una Motomel Blitz 110 C. C., color roja, cuando fue embestido por un autom\u00f3vil gol Trend, color rojo, que era guiado por una mujer mayor de edad.<br \/>\nEl herido fue derivado a la guardia del Hospital, donde se determin\u00f3 que sufri\u00f3 una fractura de tibia y peron\u00e9 en uno de sus miembros inferiores. Examinado por el m\u00e9dico de polic\u00eda, este dictamin\u00f3 que presentaba lesiones graves.<br \/>\nEn primera instancia, los veh\u00edculos fueron removidos por los protagonistas del incidente y la gente del lugar, por desconocer que, en realidad, esto entorpece el trabajo de la polic\u00eda cient\u00edfica, que debe establecer, mediante los peritajes, la responsabilidad de cada conductor en el hecho.<br \/>\nPor otra parte, ese mismo d\u00eda, una mujer de 21 a\u00f1os, quien circulaba a bordo de una motocicleta Corven Triax 200 C. C., color roja, por calle Bozzano, perdi\u00f3 la estabilidad y cay\u00f3 sobre la cinta asf\u00e1ltica al intentar evitar colisionar con un autom\u00f3vil Ford Mondeo, color azul, que era manejado por un hombre en calle Mitre.<br \/>\nA ra\u00edz de la ca\u00edda, la joven fue trasladada por personal de la ambulancia del Hospital Subzonal San Pedro, en donde se le realizaron las primeras curaciones. En ese sentido, el m\u00e9dico de polic\u00eda determin\u00f3 que presenta lesiones graves.<br \/>\nIntervino la UFI N\u00ba 5 en ambos hechos.<\/p>\n","protected":false},"excerpt":{"rendered":"<p>Un sujeto de 19 a\u00f1os result\u00f3 gravemente lesionado en un siniestro ocurrido en calle Caseros. El joven motociclista se dirig\u00eda en una Motomel Blitz 110 C. C., color roja, cuando fue embestido por un autom\u00f3vil gol Trend, color rojo, que era guiado por una mujer mayor de edad. El herido fue derivado a la guardia [&hellip;]<\/p>\n","protected":false},"author":4,"featured_media":2837,"comment_status":"open","ping_status":"closed","sticky":false,"template":"","format":"standard","meta":{"om_disable_all_campaigns":false,"_jetpack_memberships_contains_paid_content":false,"footnotes":""},"categories":[101,2],"tags":[354,332,356,355,357],"class_list":["post-2836","post","type-post","status-publish","format-standard","has-post-thumbnail","hentry","category-interes-general-locales","category-locales","tag-accidentes","tag-dos","tag-graves","tag-lesionados","tag-sabado"],"aioseo_notices":[],"gutentor_comment":0,"jetpack_featured_media_url":"https:\/\/eldiariodesanpedro.com.ar\/sitio\/wp-content\/uploads\/2016\/04\/PAGINA-5-2.jpg","jetpack_shortlink":"https:\/\/wp.me\/p6RhLt-JK","jetpack_sharing_enabled":true,"_links":{"self":[{"href":"https:\/\/eldiariodesanpedro.com.ar\/sitio\/wp-json\/wp\/v2\/posts\/2836","targetHints":{"allow":["GET"]}}],"collection":[{"href":"https:\/\/eldiariodesanpedro.com.ar\/sitio\/wp-json\/wp\/v2\/posts"}],"about":[{"href":"https:\/\/eldiariodesanpedro.com.ar\/sitio\/wp-json\/wp\/v2\/types\/post"}],"author":[{"embeddable":true,"href":"https:\/\/eldiariodesanpedro.com.ar\/sitio\/wp-json\/wp\/v2\/users\/4"}],"replies":[{"embeddable":true,"href":"https:\/\/eldiariodesanpedro.com.ar\/sitio\/wp-json\/wp\/v2\/comments?post=2836"}],"version-history":[{"count":1,"href":"https:\/\/eldiariodesanpedro.com.ar\/sitio\/wp-json\/wp\/v2\/posts\/2836\/revisions"}],"predecessor-version":[{"id":2838,"href":"https:\/\/eldiariodesanpedro.com.ar\/sitio\/wp-json\/wp\/v2\/posts\/2836\/revisions\/2838"}],"wp:featuredmedia":[{"embeddable":true,"href":"https:\/\/eldiariodesanpedro.com.ar\/sitio\/wp-json\/wp\/v2\/media\/2837"}],"wp:attachment":[{"href":"https:\/\/eldiariodesanpedro.com.ar\/sitio\/wp-json\/wp\/v2\/media?parent=2836"}],"wp:term":[{"taxonomy":"category","embeddable":true,"href":"https:\/\/eldiariodesanpedro.com.ar\/sitio\/wp-json\/wp\/v2\/categories?post=2836"},{"taxonomy":"post_tag","embeddable":true,"href":"https:\/\/eldiariodesanpedro.com.ar\/sitio\/wp-json\/wp\/v2\/tags?post=2836"}],"curies":[{"name":"wp","href":"https:\/\/api.w.org\/{rel}","templated":true}]}}