{"id":2834,"date":"2016-04-11T11:56:46","date_gmt":"2016-04-11T14:56:46","guid":{"rendered":"http:\/\/www.eldiariodesanpedro.com.ar\/?p=2834"},"modified":"2016-04-11T11:56:46","modified_gmt":"2016-04-11T14:56:46","slug":"delincuente-antecedentes-involucrado-nuevos-hechos-delictivos","status":"publish","type":"post","link":"https:\/\/eldiariodesanpedro.com.ar\/sitio\/delincuente-antecedentes-involucrado-nuevos-hechos-delictivos\/","title":{"rendered":"Delincuente con antecedentes involucrado en nuevos hechos delictivos"},"content":{"rendered":"<p><!-- VideographyWP Plugin Message: Automatic video embedding prevented by plugin options. --><br \/>\nEl hecho fue protagonizado por el mismo joven delincuente de 18 a\u00f1os con frondosos antecedentes delictivos, quien la semana pasada estuvo involucrado en intentos de robo en el banco Macro, en un comercio de la zona c\u00e9ntrica y tambi\u00e9n en un domicilio particular.<br \/>\nLa situaci\u00f3n, ocurrida el s\u00e1bado, se gener\u00f3 cuando un patrullero debi\u00f3 acudir a Balcarce y Belgrano, a causa de la advertencia a la comisar\u00eda de una mujer. La misma denunci\u00f3 que dicho sujeto le hab\u00eda robado su ciclomotor tras amenazarla con un cuchillo. La damnificada identific\u00f3 al malviviente y r\u00e1pidamente la polic\u00eda mont\u00f3 un operativo cerrojo para dar con el autor del il\u00edcito.<br \/>\nLuego de ello, fue avistado en calle Manuel Iglesias y Alvarado, cuando se dirig\u00eda a bordo de una motocicleta. Al ser advertido de la presencia polic\u00edaca, emprendi\u00f3 la huida dejando abandonado el rodado. All\u00ed se pudo establecer que el mismo ten\u00eda pedido de secuestro por hurto con fecha 6 de abril, determinado por la UFI N\u00ba 7.<br \/>\nEn tanto, el ladr\u00f3n comenz\u00f3 un raid con el objetivo de escapar. Primeramente, se lo localiz\u00f3 en el patio de una vivienda de calle San Lorenzo al 800. Tras ingresar al lugar, amenaz\u00f3 con arma blanca a la propietaria del lugar para que guardara silencio. Sin embargo, volvi\u00f3 a escaparse hacia la zona de barrancas e ingres\u00f3 a una casa de Tucum\u00e1n al 900, tras escalar un tapial. All\u00ed se llev\u00f3 una bicicleta que se encontraba en el patio del lugar y continu\u00f3 el intento de fuga, ya a estas alturas casi cinematogr\u00e1fico.<br \/>\nFinalmente, en Tucum\u00e1n y Las Provincias, efectivos policiales lograron la aprehensi\u00f3n del imputado, secuestr\u00e1ndole en su poder un arma blanca y el rodado que hab\u00eda sustra\u00eddo.<br \/>\nAl tiempo que la cuchilla fue reconocida por la v\u00edctima como la utilizada en la amenaza.<br \/>\nLamentablemente, a pesar de todo lo sucedido, fue trasladado a la dependencia, pero luego recuper\u00f3 la libertad por haber sido declarado \u201cinsano\u201d.<\/p>\n","protected":false},"excerpt":{"rendered":"<p>El hecho fue protagonizado por el mismo joven delincuente de 18 a\u00f1os con frondosos antecedentes delictivos, quien la semana pasada estuvo involucrado en intentos de robo en el banco Macro, en un comercio de la zona c\u00e9ntrica y tambi\u00e9n en un domicilio particular. La situaci\u00f3n, ocurrida el s\u00e1bado, se gener\u00f3 cuando un patrullero debi\u00f3 acudir [&hellip;]<\/p>\n","protected":false},"author":4,"featured_media":2680,"comment_status":"open","ping_status":"closed","sticky":false,"template":"","format":"standard","meta":{"om_disable_all_campaigns":false,"_jetpack_memberships_contains_paid_content":false,"footnotes":""},"categories":[50,2,103],"tags":[349,353,348,352,350,351],"class_list":["post-2834","post","type-post","status-publish","format-standard","has-post-thumbnail","hentry","category-destacadas","category-locales","category-policiales-locales","tag-antecedentes","tag-delictivos","tag-delincuente","tag-hechos","tag-involucrado","tag-nuevos"],"aioseo_notices":[],"gutentor_comment":0,"jetpack_featured_media_url":"https:\/\/eldiariodesanpedro.com.ar\/sitio\/wp-content\/uploads\/2016\/04\/patrullero.jpg","jetpack_shortlink":"https:\/\/wp.me\/p6RhLt-JI","jetpack_sharing_enabled":true,"_links":{"self":[{"href":"https:\/\/eldiariodesanpedro.com.ar\/sitio\/wp-json\/wp\/v2\/posts\/2834","targetHints":{"allow":["GET"]}}],"collection":[{"href":"https:\/\/eldiariodesanpedro.com.ar\/sitio\/wp-json\/wp\/v2\/posts"}],"about":[{"href":"https:\/\/eldiariodesanpedro.com.ar\/sitio\/wp-json\/wp\/v2\/types\/post"}],"author":[{"embeddable":true,"href":"https:\/\/eldiariodesanpedro.com.ar\/sitio\/wp-json\/wp\/v2\/users\/4"}],"replies":[{"embeddable":true,"href":"https:\/\/eldiariodesanpedro.com.ar\/sitio\/wp-json\/wp\/v2\/comments?post=2834"}],"version-history":[{"count":1,"href":"https:\/\/eldiariodesanpedro.com.ar\/sitio\/wp-json\/wp\/v2\/posts\/2834\/revisions"}],"predecessor-version":[{"id":2835,"href":"https:\/\/eldiariodesanpedro.com.ar\/sitio\/wp-json\/wp\/v2\/posts\/2834\/revisions\/2835"}],"wp:featuredmedia":[{"embeddable":true,"href":"https:\/\/eldiariodesanpedro.com.ar\/sitio\/wp-json\/wp\/v2\/media\/2680"}],"wp:attachment":[{"href":"https:\/\/eldiariodesanpedro.com.ar\/sitio\/wp-json\/wp\/v2\/media?parent=2834"}],"wp:term":[{"taxonomy":"category","embeddable":true,"href":"https:\/\/eldiariodesanpedro.com.ar\/sitio\/wp-json\/wp\/v2\/categories?post=2834"},{"taxonomy":"post_tag","embeddable":true,"href":"https:\/\/eldiariodesanpedro.com.ar\/sitio\/wp-json\/wp\/v2\/tags?post=2834"}],"curies":[{"name":"wp","href":"https:\/\/api.w.org\/{rel}","templated":true}]}}