{"id":2828,"date":"2016-04-11T11:46:43","date_gmt":"2016-04-11T14:46:43","guid":{"rendered":"http:\/\/www.eldiariodesanpedro.com.ar\/?p=2828"},"modified":"2016-04-11T11:46:43","modified_gmt":"2016-04-11T14:46:43","slug":"gonzalez-truyols-nuevo-presidente-la-agrupacion-mallorca","status":"publish","type":"post","link":"https:\/\/eldiariodesanpedro.com.ar\/sitio\/gonzalez-truyols-nuevo-presidente-la-agrupacion-mallorca\/","title":{"rendered":"Gonzalez Truyols, nuevo presidente de la Agrupaci\u00f3n Mallorca"},"content":{"rendered":"<p><!-- VideographyWP Plugin Message: Automatic video embedding prevented by plugin options. --><br \/>\nLa entidad renov\u00f3 sus autoridades el domingo pasado, tras celebrarse la Asamblea General de la Agrupaci\u00f3n Mallorca en la sede social de Av. Espa\u00f1a 575.<br \/>\nDando lectura y desarrollo al Orden del D\u00eda previsto para la ocasi\u00f3n, los socios pudieron conocer detalles del balance general, memoria de actividades, presentaci\u00f3n de la nueva lista de la Comisi\u00f3n Directiva, y dar por concluida la asamblea con la proclamaci\u00f3n de las nuevas autoridades.<br \/>\n\u00abGustavo Gonz\u00e1lez Truyols preside desde entonces los destinos de la Agrupaci\u00f3n Mallorca San Pedro, dejando de ejercer esta funci\u00f3n Juan Manuel Gomila, quien luego de completar los dos per\u00edodos que prev\u00e9 el Estatuto Social pasar\u00e1 a cumplir el rol de secretario\u00bb, expresaron desde el Facebook de la instituci\u00f3n.<br \/>\nA continuaci\u00f3n, los nuevos integrantes de la Comisi\u00f3n Directiva 2016-2017:<br \/>\nGonzalez Truyols, Gustavo Javier<br \/>\nBarcelo, Antonia<br \/>\nGomila, Juan Manuel<br \/>\nBavio, Beatriz Isabel<br \/>\nToucedo, Leticia Graciela<br \/>\nDrago, Maria Georgina<br \/>\nTerre, Jorge Omar<br \/>\nBover, Ramon<br \/>\nRosello, Raul Alberto<br \/>\nJulia, Catalina<br \/>\nRey, Aurora Haydee<br \/>\nLigero, Nancy Beatriz<br \/>\nPujol, Maria Julia<br \/>\nSobrino, Maria Ester<\/p>\n<p>Comisi\u00f3n revisora de cuentas<br \/>\nCaldentey, Susana Irma<br \/>\nPuig, Juan Carlos<br \/>\nGaya, Maria Luisa<br \/>\nJulia, Nancy Beatriz<\/p>\n","protected":false},"excerpt":{"rendered":"<p>La entidad renov\u00f3 sus autoridades el domingo pasado, tras celebrarse la Asamblea General de la Agrupaci\u00f3n Mallorca en la sede social de Av. Espa\u00f1a 575. Dando lectura y desarrollo al Orden del D\u00eda previsto para la ocasi\u00f3n, los socios pudieron conocer detalles del balance general, memoria de actividades, presentaci\u00f3n de la nueva lista de la [&hellip;]<\/p>\n","protected":false},"author":4,"featured_media":2829,"comment_status":"open","ping_status":"closed","sticky":false,"template":"","format":"standard","meta":{"om_disable_all_campaigns":false,"_jetpack_memberships_contains_paid_content":false,"footnotes":""},"categories":[50,101,2],"tags":[340,337,341,338,339],"class_list":["post-2828","post","type-post","status-publish","format-standard","has-post-thumbnail","hentry","category-destacadas","category-interes-general-locales","category-locales","tag-agrupacion","tag-gonzalez-truyols","tag-mallorca","tag-nuevo","tag-presidente"],"aioseo_notices":[],"gutentor_comment":0,"jetpack_featured_media_url":"https:\/\/eldiariodesanpedro.com.ar\/sitio\/wp-content\/uploads\/2016\/04\/PAGINA-4-4.jpg","jetpack_shortlink":"https:\/\/wp.me\/p6RhLt-JC","jetpack_sharing_enabled":true,"_links":{"self":[{"href":"https:\/\/eldiariodesanpedro.com.ar\/sitio\/wp-json\/wp\/v2\/posts\/2828","targetHints":{"allow":["GET"]}}],"collection":[{"href":"https:\/\/eldiariodesanpedro.com.ar\/sitio\/wp-json\/wp\/v2\/posts"}],"about":[{"href":"https:\/\/eldiariodesanpedro.com.ar\/sitio\/wp-json\/wp\/v2\/types\/post"}],"author":[{"embeddable":true,"href":"https:\/\/eldiariodesanpedro.com.ar\/sitio\/wp-json\/wp\/v2\/users\/4"}],"replies":[{"embeddable":true,"href":"https:\/\/eldiariodesanpedro.com.ar\/sitio\/wp-json\/wp\/v2\/comments?post=2828"}],"version-history":[{"count":1,"href":"https:\/\/eldiariodesanpedro.com.ar\/sitio\/wp-json\/wp\/v2\/posts\/2828\/revisions"}],"predecessor-version":[{"id":2830,"href":"https:\/\/eldiariodesanpedro.com.ar\/sitio\/wp-json\/wp\/v2\/posts\/2828\/revisions\/2830"}],"wp:featuredmedia":[{"embeddable":true,"href":"https:\/\/eldiariodesanpedro.com.ar\/sitio\/wp-json\/wp\/v2\/media\/2829"}],"wp:attachment":[{"href":"https:\/\/eldiariodesanpedro.com.ar\/sitio\/wp-json\/wp\/v2\/media?parent=2828"}],"wp:term":[{"taxonomy":"category","embeddable":true,"href":"https:\/\/eldiariodesanpedro.com.ar\/sitio\/wp-json\/wp\/v2\/categories?post=2828"},{"taxonomy":"post_tag","embeddable":true,"href":"https:\/\/eldiariodesanpedro.com.ar\/sitio\/wp-json\/wp\/v2\/tags?post=2828"}],"curies":[{"name":"wp","href":"https:\/\/api.w.org\/{rel}","templated":true}]}}