{"id":2825,"date":"2016-04-11T11:44:56","date_gmt":"2016-04-11T14:44:56","guid":{"rendered":"http:\/\/www.eldiariodesanpedro.com.ar\/?p=2825"},"modified":"2016-04-11T11:44:56","modified_gmt":"2016-04-11T14:44:56","slug":"soeme-firmo-la-conciliacion-obligatoria-se-reabre-la-discusion-salarial-se-devuelven-los-descuentos","status":"publish","type":"post","link":"https:\/\/eldiariodesanpedro.com.ar\/sitio\/soeme-firmo-la-conciliacion-obligatoria-se-reabre-la-discusion-salarial-se-devuelven-los-descuentos\/","title":{"rendered":"SOEME firm\u00f3 la conciliaci\u00f3n obligatoria, se reabre la discusi\u00f3n salarial y se devuelven los descuentos"},"content":{"rendered":"<p><!-- VideographyWP Plugin Message: Automatic video embedding prevented by plugin options. --><br \/>\nEl acta se firm\u00f3 el viernes al mediod\u00eda en el Ministerio de Trabajo. El gremio suspendi\u00f3 todas las medidas de fuerza y las autoridades se comprometieron a reintegrar los descuentos a no m\u00e1s tardar el pr\u00f3ximo mi\u00e9rcoles. Habr\u00e1 un plazo de 15 d\u00edas, con posibilidad de pr\u00f3rroga, para intentar encontrar soluciones salariales para los empleados de la educaci\u00f3n y la minoridad.<br \/>\nTras un plan de lucha que se extendi\u00f3 durante 45 d\u00edas, que incluy\u00f3 retenciones de tareas en todo el territorio bonaerense, paros y masivas movilizaciones, el Sindicato de Obreros y Empleados de la Minoridad y la Educaci\u00f3n (SOEME), que conduce el ingeniero Marcelo Balcedo, logr\u00f3 que el Ministerio de Trabajo firme el viernes la conciliaci\u00f3n obligatoria, estableciendo as\u00ed una mesa de di\u00e1logo donde volver\u00e1 a discutirse la situaci\u00f3n salarial de los estatales bonaerenses.<br \/>\nAsimismo, las autoridades del gobierno provincial se comprometieron a devolver lo descontado ilegalmente a 65 mil auxiliares afiliados a los gremios ATE y UPCN a no m\u00e1s tardar el pr\u00f3ximo mi\u00e9rcoles. De esta forma, se dar\u00e1 cumplimiento a la medida cautelar dictada el jueves por el juez en el contencioso administrativo, Luis Federico Arias, tras una presentaci\u00f3n realizada por el gremio liderado por el ingeniero Balcedo.<br \/>\n\u201cConfiamos en la sensibilidad de la gobernadora Vidal, cuyo abuelo era portero y desempe\u00f1aba las mismas tareas que los miles de trabajadores auxiliares de las escuelas bonaerenses que hoy por hoy constituyen el sector salarial mas postergado. Y que son los que m\u00e1s sufren los exorbitantes aumentos de tarifas que se est\u00e1n instrumentando\u201d, dijo Balcedo.<br \/>\nEn la audiencia de ayer particip\u00f3 el ministro de Trabajo, Marcelo Villegas, el subsecretario de Educaci\u00f3n, Manuel Vidal y funcionarios del Ministerio de Econom\u00eda bonaerense. Asimismo, el encuentro fue posible gracias a la mediaci\u00f3n de la Defensor\u00eda del Pueblo bonaerense, a cargo de Marcelo Honores, que hizo intensas gestiones para acercar a las partes.<br \/>\nLa conciliaci\u00f3n obligatoria establece que las partes en conflicto tienen que volver a foja cero y sentarse a dialogar. De esta manera, el SOEME se compromete a suspender todas las medidas de fuerza, mientras que las autoridades provinciales deber\u00e1n sentarse a una mesa de di\u00e1logo en pos de encontrar respuestas a los leg\u00edtimos de los trabajadores. En este caso, el gremio que conduce el ingeniero Balcedo exige un salario m\u00ednimo no inferior a los $10 mil para cada auxiliar.<br \/>\n\u201cEntendemos que la situaci\u00f3n econ\u00f3mica de la Provincia es muy dif\u00edcil y que la gobernadora Vidal no es la responsable. Pero las actuales autoridades tienen que entender que la realidad de nuestros compa\u00f1eros, de la educaci\u00f3n y de la minoridad, es extremadamente complicada, angustiante y no pueden esperar. Nosotros vamos a poner toda nuestra buena voluntad para encontrar soluciones. Plantearemos propuestas concretas elaboradas por los equipos t\u00e9cnicos del sindicato, que est\u00e1n fundadas en las posibilidades presupuestarias concretas que hoy tiene la Provincia, para que cada auxiliar tenga el sueldo m\u00e1s digno posible\u201d, concluy\u00f3 Balcedo.<\/p>\n","protected":false},"excerpt":{"rendered":"<p>El acta se firm\u00f3 el viernes al mediod\u00eda en el Ministerio de Trabajo. El gremio suspendi\u00f3 todas las medidas de fuerza y las autoridades se comprometieron a reintegrar los descuentos a no m\u00e1s tardar el pr\u00f3ximo mi\u00e9rcoles. Habr\u00e1 un plazo de 15 d\u00edas, con posibilidad de pr\u00f3rroga, para intentar encontrar soluciones salariales para los empleados [&hellip;]<\/p>\n","protected":false},"author":4,"featured_media":2826,"comment_status":"open","ping_status":"closed","sticky":false,"template":"","format":"standard","meta":{"om_disable_all_campaigns":false,"_jetpack_memberships_contains_paid_content":false,"footnotes":""},"categories":[101,2],"tags":[],"class_list":["post-2825","post","type-post","status-publish","format-standard","has-post-thumbnail","hentry","category-interes-general-locales","category-locales"],"aioseo_notices":[],"gutentor_comment":0,"jetpack_featured_media_url":"https:\/\/eldiariodesanpedro.com.ar\/sitio\/wp-content\/uploads\/2016\/04\/soeme-devolucion-685x351.jpg","jetpack_shortlink":"https:\/\/wp.me\/p6RhLt-Jz","jetpack_sharing_enabled":true,"_links":{"self":[{"href":"https:\/\/eldiariodesanpedro.com.ar\/sitio\/wp-json\/wp\/v2\/posts\/2825","targetHints":{"allow":["GET"]}}],"collection":[{"href":"https:\/\/eldiariodesanpedro.com.ar\/sitio\/wp-json\/wp\/v2\/posts"}],"about":[{"href":"https:\/\/eldiariodesanpedro.com.ar\/sitio\/wp-json\/wp\/v2\/types\/post"}],"author":[{"embeddable":true,"href":"https:\/\/eldiariodesanpedro.com.ar\/sitio\/wp-json\/wp\/v2\/users\/4"}],"replies":[{"embeddable":true,"href":"https:\/\/eldiariodesanpedro.com.ar\/sitio\/wp-json\/wp\/v2\/comments?post=2825"}],"version-history":[{"count":1,"href":"https:\/\/eldiariodesanpedro.com.ar\/sitio\/wp-json\/wp\/v2\/posts\/2825\/revisions"}],"predecessor-version":[{"id":2827,"href":"https:\/\/eldiariodesanpedro.com.ar\/sitio\/wp-json\/wp\/v2\/posts\/2825\/revisions\/2827"}],"wp:featuredmedia":[{"embeddable":true,"href":"https:\/\/eldiariodesanpedro.com.ar\/sitio\/wp-json\/wp\/v2\/media\/2826"}],"wp:attachment":[{"href":"https:\/\/eldiariodesanpedro.com.ar\/sitio\/wp-json\/wp\/v2\/media?parent=2825"}],"wp:term":[{"taxonomy":"category","embeddable":true,"href":"https:\/\/eldiariodesanpedro.com.ar\/sitio\/wp-json\/wp\/v2\/categories?post=2825"},{"taxonomy":"post_tag","embeddable":true,"href":"https:\/\/eldiariodesanpedro.com.ar\/sitio\/wp-json\/wp\/v2\/tags?post=2825"}],"curies":[{"name":"wp","href":"https:\/\/api.w.org\/{rel}","templated":true}]}}