{"id":2822,"date":"2016-04-11T11:42:45","date_gmt":"2016-04-11T14:42:45","guid":{"rendered":"http:\/\/www.eldiariodesanpedro.com.ar\/?p=2822"},"modified":"2016-04-11T11:42:45","modified_gmt":"2016-04-11T14:42:45","slug":"2822-2","status":"publish","type":"post","link":"https:\/\/eldiariodesanpedro.com.ar\/sitio\/2822-2\/","title":{"rendered":"Encuentro de Mujeres"},"content":{"rendered":"<p><!-- VideographyWP Plugin Message: Automatic video embedding prevented by plugin options. --><br \/>\nEl s\u00e1bado se realiz\u00f3 el 2\u00ba Encuentro de Mujeres del Movimiento Minerva Mirabal, en la EES N\u00ba 11. Desde la agrupaci\u00f3n, manifestaron a trav\u00e9s de su p\u00e1gina de Facebook: \u00abFue una jornada en la que surgieron aportes muy valiosos de las diferentes comisiones de trabajo. Juntas seguimos aprendiendo, construyendo, creciendo y avanzando\u00bb.<br \/>\nAl tiempo, agregaron: \u00abAgradecemos al director de la escuela, Hern\u00e1n Gonz\u00e1lez, por habernos prestado el espacio\u00bb. <\/p>\n","protected":false},"excerpt":{"rendered":"<p>El s\u00e1bado se realiz\u00f3 el 2\u00ba Encuentro de Mujeres del Movimiento Minerva Mirabal, en la EES N\u00ba 11. Desde la agrupaci\u00f3n, manifestaron a trav\u00e9s de su p\u00e1gina de Facebook: \u00abFue una jornada en la que surgieron aportes muy valiosos de las diferentes comisiones de trabajo. Juntas seguimos aprendiendo, construyendo, creciendo y avanzando\u00bb. Al tiempo, agregaron: [&hellip;]<\/p>\n","protected":false},"author":4,"featured_media":2823,"comment_status":"open","ping_status":"closed","sticky":false,"template":"","format":"standard","meta":{"om_disable_all_campaigns":false,"_jetpack_memberships_contains_paid_content":false,"footnotes":""},"categories":[101,2],"tags":[335,336],"class_list":["post-2822","post","type-post","status-publish","format-standard","has-post-thumbnail","hentry","category-interes-general-locales","category-locales","tag-encuentro","tag-mujeres"],"aioseo_notices":[],"gutentor_comment":0,"jetpack_featured_media_url":"https:\/\/eldiariodesanpedro.com.ar\/sitio\/wp-content\/uploads\/2016\/04\/PAGINA-6-3.jpg","jetpack_shortlink":"https:\/\/wp.me\/p6RhLt-Jw","jetpack_sharing_enabled":true,"_links":{"self":[{"href":"https:\/\/eldiariodesanpedro.com.ar\/sitio\/wp-json\/wp\/v2\/posts\/2822","targetHints":{"allow":["GET"]}}],"collection":[{"href":"https:\/\/eldiariodesanpedro.com.ar\/sitio\/wp-json\/wp\/v2\/posts"}],"about":[{"href":"https:\/\/eldiariodesanpedro.com.ar\/sitio\/wp-json\/wp\/v2\/types\/post"}],"author":[{"embeddable":true,"href":"https:\/\/eldiariodesanpedro.com.ar\/sitio\/wp-json\/wp\/v2\/users\/4"}],"replies":[{"embeddable":true,"href":"https:\/\/eldiariodesanpedro.com.ar\/sitio\/wp-json\/wp\/v2\/comments?post=2822"}],"version-history":[{"count":1,"href":"https:\/\/eldiariodesanpedro.com.ar\/sitio\/wp-json\/wp\/v2\/posts\/2822\/revisions"}],"predecessor-version":[{"id":2824,"href":"https:\/\/eldiariodesanpedro.com.ar\/sitio\/wp-json\/wp\/v2\/posts\/2822\/revisions\/2824"}],"wp:featuredmedia":[{"embeddable":true,"href":"https:\/\/eldiariodesanpedro.com.ar\/sitio\/wp-json\/wp\/v2\/media\/2823"}],"wp:attachment":[{"href":"https:\/\/eldiariodesanpedro.com.ar\/sitio\/wp-json\/wp\/v2\/media?parent=2822"}],"wp:term":[{"taxonomy":"category","embeddable":true,"href":"https:\/\/eldiariodesanpedro.com.ar\/sitio\/wp-json\/wp\/v2\/categories?post=2822"},{"taxonomy":"post_tag","embeddable":true,"href":"https:\/\/eldiariodesanpedro.com.ar\/sitio\/wp-json\/wp\/v2\/tags?post=2822"}],"curies":[{"name":"wp","href":"https:\/\/api.w.org\/{rel}","templated":true}]}}