{"id":2819,"date":"2016-04-11T11:18:17","date_gmt":"2016-04-11T14:18:17","guid":{"rendered":"http:\/\/www.eldiariodesanpedro.com.ar\/?p=2819"},"modified":"2026-01-24T00:36:25","modified_gmt":"2026-01-24T03:36:25","slug":"segunda-suspension-fecha-la-lluvia","status":"publish","type":"post","link":"https:\/\/eldiariodesanpedro.com.ar\/sitio\/segunda-suspension-fecha-la-lluvia\/","title":{"rendered":"Segunda suspensi\u00f3n de fecha por la lluvia"},"content":{"rendered":"<p><!-- VideographyWP Plugin Message: Automatic video embedding prevented by plugin options. --><br \/>\nA ra\u00edz de la lluvia ca\u00edda en la zona, la Liga Infantil de F\u00fatbol debi\u00f3 suspender por segunda vez consecutiva la segunda fecha del Torneo Apertura 2016. La decisi\u00f3n fue tomada a media ma\u00f1ana del s\u00e1bado, luego de verificar el estado de las distintas canchas. Es probable que el fin de semana pr\u00f3ximo se juegue fecha doble, a confirmar en la sesi\u00f3n del d\u00eda martes.<\/p>\n","protected":false},"excerpt":{"rendered":"<p>A ra\u00edz de la lluvia ca\u00edda en la zona, la Liga Infantil de F\u00fatbol debi\u00f3 suspender por segunda vez consecutiva la segunda fecha del Torneo Apertura 2016. La decisi\u00f3n fue tomada a media ma\u00f1ana del s\u00e1bado, luego de verificar el estado de las distintas canchas. Es probable que el fin de semana pr\u00f3ximo se juegue [&hellip;]<\/p>\n","protected":false},"author":4,"featured_media":2820,"comment_status":"open","ping_status":"closed","sticky":false,"template":"","format":"standard","meta":{"om_disable_all_campaigns":false,"_jetpack_memberships_contains_paid_content":false,"footnotes":""},"categories":[5],"tags":[],"class_list":["post-2819","post","type-post","status-publish","format-standard","has-post-thumbnail","hentry","category-deportes"],"aioseo_notices":[],"gutentor_comment":0,"jetpack_featured_media_url":"https:\/\/eldiariodesanpedro.com.ar\/sitio\/wp-content\/uploads\/2016\/04\/foto-4-11-04-16.jpg","jetpack_shortlink":"https:\/\/wp.me\/p6RhLt-Jt","jetpack_sharing_enabled":true,"_links":{"self":[{"href":"https:\/\/eldiariodesanpedro.com.ar\/sitio\/wp-json\/wp\/v2\/posts\/2819","targetHints":{"allow":["GET"]}}],"collection":[{"href":"https:\/\/eldiariodesanpedro.com.ar\/sitio\/wp-json\/wp\/v2\/posts"}],"about":[{"href":"https:\/\/eldiariodesanpedro.com.ar\/sitio\/wp-json\/wp\/v2\/types\/post"}],"author":[{"embeddable":true,"href":"https:\/\/eldiariodesanpedro.com.ar\/sitio\/wp-json\/wp\/v2\/users\/4"}],"replies":[{"embeddable":true,"href":"https:\/\/eldiariodesanpedro.com.ar\/sitio\/wp-json\/wp\/v2\/comments?post=2819"}],"version-history":[{"count":1,"href":"https:\/\/eldiariodesanpedro.com.ar\/sitio\/wp-json\/wp\/v2\/posts\/2819\/revisions"}],"predecessor-version":[{"id":2821,"href":"https:\/\/eldiariodesanpedro.com.ar\/sitio\/wp-json\/wp\/v2\/posts\/2819\/revisions\/2821"}],"wp:featuredmedia":[{"embeddable":true,"href":"https:\/\/eldiariodesanpedro.com.ar\/sitio\/wp-json\/wp\/v2\/media\/2820"}],"wp:attachment":[{"href":"https:\/\/eldiariodesanpedro.com.ar\/sitio\/wp-json\/wp\/v2\/media?parent=2819"}],"wp:term":[{"taxonomy":"category","embeddable":true,"href":"https:\/\/eldiariodesanpedro.com.ar\/sitio\/wp-json\/wp\/v2\/categories?post=2819"},{"taxonomy":"post_tag","embeddable":true,"href":"https:\/\/eldiariodesanpedro.com.ar\/sitio\/wp-json\/wp\/v2\/tags?post=2819"}],"curies":[{"name":"wp","href":"https:\/\/api.w.org\/{rel}","templated":true}]}}