{"id":2813,"date":"2016-04-11T11:14:49","date_gmt":"2016-04-11T14:14:49","guid":{"rendered":"http:\/\/www.eldiariodesanpedro.com.ar\/?p=2813"},"modified":"2026-01-24T00:36:26","modified_gmt":"2026-01-24T03:36:26","slug":"ruben-fernandez-obtuvo-dos-medallas-argentino-san-luis","status":"publish","type":"post","link":"https:\/\/eldiariodesanpedro.com.ar\/sitio\/ruben-fernandez-obtuvo-dos-medallas-argentino-san-luis\/","title":{"rendered":"Rub\u00e9n Fern\u00e1ndez obtuvo dos medallas en el argentino de San Luis"},"content":{"rendered":"<p><!-- VideographyWP Plugin Message: Automatic video embedding prevented by plugin options. --><br \/>\nVarios sampedrinos estuvieron presentes en el Campeonato Argentino de Ruta Master, Promocional y Damas en la ciudad de La Punta, provincia de San Luis.<br \/>\nAl inicio de las competencias Contra Reloj Individual, obtuvo la medalla de bronce en categor\u00eda Master E-1, Rub\u00e9n \u00abCach\u00edn\u00bb Fern\u00e1ndez, tras dur\u00edsimos 9 km en subida y con una fuerte llovizna que torn\u00f3 resbaladiza la carretera. Sin embargo, Cach\u00edn en 16&#8217;38&#8243;127 logr\u00f3 subir al podio a recibir la medalla de Bronce en su categor\u00eda para repetir su actuaci\u00f3n en Pelot\u00f3n el d\u00eda viernes. Ampliaremos en pr\u00f3ximas ediciones. <\/p>\n<p>Master E-1<br \/>\nCampe\u00f3n: Oscar Orono (Mar y Sierras) 14&#8217;50&#8243;853<br \/>\nSubcampe\u00f3n: Jorge Ra\u00fal Bessone (Santa Fe) 15&#8217;50&#8243;508<br \/>\nTercero: Rub\u00e9n \u00abCach\u00edn\u00bb Fern\u00e1ndez (San Pedro) 16&#8217;38&#8243;127<br \/>\n4\u00b0 Pedro Cantarini (Jun\u00edn) 16&#8217;41&#8243;045<br \/>\n5\u00b0 Carlos Valerga (Lobos) 16&#8217;42&#8243;410<\/p>\n<p>Master E-1 (Pelot\u00f3n)<br \/>\nCampe\u00f3n: Jorge Ra\u00fal Bessone (Santa Fe)<br \/>\nSubcampe\u00f3n: Oscar Orono (Mar del Plata)<br \/>\nTercero: Rub\u00e9n \u00abCach\u00edn\u00bb Fern\u00e1ndez (San Pedro)<br \/>\n4\u00b0 Enrique E Moyano (R\u00edo Cuarto)<br \/>\n5\u00b0 Miguel Sosa (Neuqu\u00e9n)<\/p>\n","protected":false},"excerpt":{"rendered":"<p>Varios sampedrinos estuvieron presentes en el Campeonato Argentino de Ruta Master, Promocional y Damas en la ciudad de La Punta, provincia de San Luis. Al inicio de las competencias Contra Reloj Individual, obtuvo la medalla de bronce en categor\u00eda Master E-1, Rub\u00e9n \u00abCach\u00edn\u00bb Fern\u00e1ndez, tras dur\u00edsimos 9 km en subida y con una fuerte llovizna [&hellip;]<\/p>\n","protected":false},"author":4,"featured_media":2814,"comment_status":"open","ping_status":"closed","sticky":false,"template":"","format":"standard","meta":{"om_disable_all_campaigns":false,"_jetpack_memberships_contains_paid_content":false,"footnotes":""},"categories":[5],"tags":[333,332,322,331,330,334],"class_list":["post-2813","post","type-post","status-publish","format-standard","has-post-thumbnail","hentry","category-deportes","tag-argentino","tag-dos","tag-medallas","tag-obtuvo","tag-ruben-fernandez","tag-san-luis"],"aioseo_notices":[],"gutentor_comment":0,"jetpack_featured_media_url":"https:\/\/eldiariodesanpedro.com.ar\/sitio\/wp-content\/uploads\/2016\/04\/FOTO-2-11-04-16.jpg","jetpack_shortlink":"https:\/\/wp.me\/p6RhLt-Jn","jetpack_sharing_enabled":true,"_links":{"self":[{"href":"https:\/\/eldiariodesanpedro.com.ar\/sitio\/wp-json\/wp\/v2\/posts\/2813","targetHints":{"allow":["GET"]}}],"collection":[{"href":"https:\/\/eldiariodesanpedro.com.ar\/sitio\/wp-json\/wp\/v2\/posts"}],"about":[{"href":"https:\/\/eldiariodesanpedro.com.ar\/sitio\/wp-json\/wp\/v2\/types\/post"}],"author":[{"embeddable":true,"href":"https:\/\/eldiariodesanpedro.com.ar\/sitio\/wp-json\/wp\/v2\/users\/4"}],"replies":[{"embeddable":true,"href":"https:\/\/eldiariodesanpedro.com.ar\/sitio\/wp-json\/wp\/v2\/comments?post=2813"}],"version-history":[{"count":1,"href":"https:\/\/eldiariodesanpedro.com.ar\/sitio\/wp-json\/wp\/v2\/posts\/2813\/revisions"}],"predecessor-version":[{"id":2815,"href":"https:\/\/eldiariodesanpedro.com.ar\/sitio\/wp-json\/wp\/v2\/posts\/2813\/revisions\/2815"}],"wp:featuredmedia":[{"embeddable":true,"href":"https:\/\/eldiariodesanpedro.com.ar\/sitio\/wp-json\/wp\/v2\/media\/2814"}],"wp:attachment":[{"href":"https:\/\/eldiariodesanpedro.com.ar\/sitio\/wp-json\/wp\/v2\/media?parent=2813"}],"wp:term":[{"taxonomy":"category","embeddable":true,"href":"https:\/\/eldiariodesanpedro.com.ar\/sitio\/wp-json\/wp\/v2\/categories?post=2813"},{"taxonomy":"post_tag","embeddable":true,"href":"https:\/\/eldiariodesanpedro.com.ar\/sitio\/wp-json\/wp\/v2\/tags?post=2813"}],"curies":[{"name":"wp","href":"https:\/\/api.w.org\/{rel}","templated":true}]}}