{"id":2770,"date":"2016-04-07T19:09:36","date_gmt":"2016-04-07T22:09:36","guid":{"rendered":"http:\/\/www.eldiariodesanpedro.com.ar\/?p=2770"},"modified":"2016-04-07T19:09:36","modified_gmt":"2016-04-07T22:09:36","slug":"reempadronamiento-del-plan-mas-vida","status":"publish","type":"post","link":"https:\/\/eldiariodesanpedro.com.ar\/sitio\/reempadronamiento-del-plan-mas-vida\/","title":{"rendered":"Reempadronamiento del Plan M\u00e1s Vida"},"content":{"rendered":"<p><!-- VideographyWP Plugin Message: Automatic video embedding prevented by plugin options. --><br \/>\nLa cartera municipal recuerda por este medio a los beneficiarios que no se presentaron a reempadronarse por las tarjetas del Plan M\u00e1s Vida que van a tener tiempo de realizar dicho tr\u00e1mite hasta el pr\u00f3ximo 15 de abril en Oliveira C\u00e9zar 280.<br \/>\nDocumentaci\u00f3n a presentar:<br \/>\n&#8211; Fotocopia y original de DNI del titular, hijo y tutor o encargado si lo hubiera.<br \/>\n&#8211; Fotocopia de partida de nacimiento o certificado de nacimiento.<br \/>\n&#8211; Fotocopia de libreta sanitaria de las vacunas seg\u00fan edad.<br \/>\n&#8211; En caso de embarazo, certificado m\u00e9dico con probable fecha de parto.<\/p>\n","protected":false},"excerpt":{"rendered":"<p>La cartera municipal recuerda por este medio a los beneficiarios que no se presentaron a reempadronarse por las tarjetas del Plan M\u00e1s Vida que van a tener tiempo de realizar dicho tr\u00e1mite hasta el pr\u00f3ximo 15 de abril en Oliveira C\u00e9zar 280. Documentaci\u00f3n a presentar: &#8211; Fotocopia y original de DNI del titular, hijo y [&hellip;]<\/p>\n","protected":false},"author":4,"featured_media":2771,"comment_status":"open","ping_status":"closed","sticky":false,"template":"","format":"standard","meta":{"om_disable_all_campaigns":false,"_jetpack_memberships_contains_paid_content":false,"footnotes":""},"categories":[101,2],"tags":[287,286],"class_list":["post-2770","post","type-post","status-publish","format-standard","has-post-thumbnail","hentry","category-interes-general-locales","category-locales","tag-plan-mas-vida","tag-reempadronamiento"],"aioseo_notices":[],"gutentor_comment":0,"jetpack_featured_media_url":"https:\/\/eldiariodesanpedro.com.ar\/sitio\/wp-content\/uploads\/2016\/04\/nop1abnki3pt1rk715e79p1k7u1ih1.jpg","jetpack_shortlink":"https:\/\/wp.me\/p6RhLt-IG","jetpack_sharing_enabled":true,"_links":{"self":[{"href":"https:\/\/eldiariodesanpedro.com.ar\/sitio\/wp-json\/wp\/v2\/posts\/2770","targetHints":{"allow":["GET"]}}],"collection":[{"href":"https:\/\/eldiariodesanpedro.com.ar\/sitio\/wp-json\/wp\/v2\/posts"}],"about":[{"href":"https:\/\/eldiariodesanpedro.com.ar\/sitio\/wp-json\/wp\/v2\/types\/post"}],"author":[{"embeddable":true,"href":"https:\/\/eldiariodesanpedro.com.ar\/sitio\/wp-json\/wp\/v2\/users\/4"}],"replies":[{"embeddable":true,"href":"https:\/\/eldiariodesanpedro.com.ar\/sitio\/wp-json\/wp\/v2\/comments?post=2770"}],"version-history":[{"count":1,"href":"https:\/\/eldiariodesanpedro.com.ar\/sitio\/wp-json\/wp\/v2\/posts\/2770\/revisions"}],"predecessor-version":[{"id":2772,"href":"https:\/\/eldiariodesanpedro.com.ar\/sitio\/wp-json\/wp\/v2\/posts\/2770\/revisions\/2772"}],"wp:featuredmedia":[{"embeddable":true,"href":"https:\/\/eldiariodesanpedro.com.ar\/sitio\/wp-json\/wp\/v2\/media\/2771"}],"wp:attachment":[{"href":"https:\/\/eldiariodesanpedro.com.ar\/sitio\/wp-json\/wp\/v2\/media?parent=2770"}],"wp:term":[{"taxonomy":"category","embeddable":true,"href":"https:\/\/eldiariodesanpedro.com.ar\/sitio\/wp-json\/wp\/v2\/categories?post=2770"},{"taxonomy":"post_tag","embeddable":true,"href":"https:\/\/eldiariodesanpedro.com.ar\/sitio\/wp-json\/wp\/v2\/tags?post=2770"}],"curies":[{"name":"wp","href":"https:\/\/api.w.org\/{rel}","templated":true}]}}