{"id":27593,"date":"2018-01-05T20:22:01","date_gmt":"2018-01-05T23:22:01","guid":{"rendered":"https:\/\/eldiariodesanpedro.com.ar\/sitio\/?p=27593"},"modified":"2018-01-05T20:22:01","modified_gmt":"2018-01-05T23:22:01","slug":"una-persona-con-pedido-de-captura-fue-aprehendida-y-una-moto-con-pedido-de-secuestro-retenida","status":"publish","type":"post","link":"https:\/\/eldiariodesanpedro.com.ar\/sitio\/una-persona-con-pedido-de-captura-fue-aprehendida-y-una-moto-con-pedido-de-secuestro-retenida\/","title":{"rendered":"Una persona con pedido de captura fue aprehendida y una moto con pedido de secuestro, retenida"},"content":{"rendered":"<p><!-- VideographyWP Plugin Message: Automatic video embedding prevented by plugin options. --><br \/>\nEste jueves que paso en Mitre y Caseros, la Polic\u00eda de nuestra ciudad procedi\u00f3 a la identificaci\u00f3n de un ciudadano de 25 a\u00f1os, quien se movilizaba por el lugar en motocicleta tipo 110 cc, logr\u00e1ndose establecer que pose\u00eda pedido de captura activo por amenazas, da\u00f1o y lesiones leves, solicitado por el Juzgado Correccional N\u00ba 2 de Pergamino. La motocicleta pose\u00eda pedido de secuestro activo por el delito de hurto del a\u00f1o 2016. <\/p>\n<p>  \u00c9l mismo fue notificado de las actuaciones y la motocicleta secuestrada. <\/p>\n","protected":false},"excerpt":{"rendered":"<p>Este jueves que paso en Mitre y Caseros, la Polic\u00eda de nuestra ciudad procedi\u00f3 a la identificaci\u00f3n de un ciudadano de 25 a\u00f1os, quien se movilizaba por el lugar en motocicleta tipo 110 cc, logr\u00e1ndose establecer que pose\u00eda pedido de captura activo por amenazas, da\u00f1o y lesiones leves, solicitado por el Juzgado Correccional N\u00ba 2 [&hellip;]<\/p>\n","protected":false},"author":4,"featured_media":20034,"comment_status":"open","ping_status":"closed","sticky":false,"template":"","format":"standard","meta":{"om_disable_all_campaigns":false,"_jetpack_memberships_contains_paid_content":false,"footnotes":""},"categories":[2,103],"tags":[],"class_list":["post-27593","post","type-post","status-publish","format-standard","has-post-thumbnail","hentry","category-locales","category-policiales-locales"],"aioseo_notices":[],"gutentor_comment":0,"jetpack_featured_media_url":"https:\/\/eldiariodesanpedro.com.ar\/sitio\/wp-content\/uploads\/2017\/06\/detenido-3.jpg","jetpack_shortlink":"https:\/\/wp.me\/p6RhLt-7b3","jetpack_sharing_enabled":true,"_links":{"self":[{"href":"https:\/\/eldiariodesanpedro.com.ar\/sitio\/wp-json\/wp\/v2\/posts\/27593","targetHints":{"allow":["GET"]}}],"collection":[{"href":"https:\/\/eldiariodesanpedro.com.ar\/sitio\/wp-json\/wp\/v2\/posts"}],"about":[{"href":"https:\/\/eldiariodesanpedro.com.ar\/sitio\/wp-json\/wp\/v2\/types\/post"}],"author":[{"embeddable":true,"href":"https:\/\/eldiariodesanpedro.com.ar\/sitio\/wp-json\/wp\/v2\/users\/4"}],"replies":[{"embeddable":true,"href":"https:\/\/eldiariodesanpedro.com.ar\/sitio\/wp-json\/wp\/v2\/comments?post=27593"}],"version-history":[{"count":1,"href":"https:\/\/eldiariodesanpedro.com.ar\/sitio\/wp-json\/wp\/v2\/posts\/27593\/revisions"}],"predecessor-version":[{"id":27595,"href":"https:\/\/eldiariodesanpedro.com.ar\/sitio\/wp-json\/wp\/v2\/posts\/27593\/revisions\/27595"}],"wp:featuredmedia":[{"embeddable":true,"href":"https:\/\/eldiariodesanpedro.com.ar\/sitio\/wp-json\/wp\/v2\/media\/20034"}],"wp:attachment":[{"href":"https:\/\/eldiariodesanpedro.com.ar\/sitio\/wp-json\/wp\/v2\/media?parent=27593"}],"wp:term":[{"taxonomy":"category","embeddable":true,"href":"https:\/\/eldiariodesanpedro.com.ar\/sitio\/wp-json\/wp\/v2\/categories?post=27593"},{"taxonomy":"post_tag","embeddable":true,"href":"https:\/\/eldiariodesanpedro.com.ar\/sitio\/wp-json\/wp\/v2\/tags?post=27593"}],"curies":[{"name":"wp","href":"https:\/\/api.w.org\/{rel}","templated":true}]}}