{"id":27588,"date":"2018-01-05T20:13:18","date_gmt":"2018-01-05T23:13:18","guid":{"rendered":"https:\/\/eldiariodesanpedro.com.ar\/sitio\/?p=27588"},"modified":"2018-01-05T20:13:18","modified_gmt":"2018-01-05T23:13:18","slug":"accidente-entre-un-automovil-y-una-bicicleta-2","status":"publish","type":"post","link":"https:\/\/eldiariodesanpedro.com.ar\/sitio\/accidente-entre-un-automovil-y-una-bicicleta-2\/","title":{"rendered":"Accidente entre un autom\u00f3vil y una bicicleta"},"content":{"rendered":"<p><!-- VideographyWP Plugin Message: Automatic video embedding prevented by plugin options. --><br \/>\nEn la tarde del jueves se produjo un siniestro entre una bicicleta y un autom\u00f3vil en la zona c\u00e9ntrica de la ciudad.<\/p>\n<p>  El hecho tuvo lugar en la esquina de Belgrano y General Pueyrred\u00f3n alrededor de las 18:00 hs, donde una joven que circulaba en una bicicleta fue colisionada por un autom\u00f3vil Chevrolet Cruze color gris conducido por un hombre mayor de edad.<\/p>\n<p>  Seg\u00fan los testigos del accidente, la joven circulaba en la bicicleta hablando por tel\u00e9fono sin percatarse del auto que se le acercaba. Y, seg\u00fan el conductor del autom\u00f3vil, ven\u00eda distra\u00eddo buscando d\u00f3nde estacionar. <\/p>\n<p>  La joven fue trasladada por el servicio del CEM a la Guardia del Hospital preventivamente, ya que s\u00f3lo sufri\u00f3 golpes y laceraciones.<\/p>\n","protected":false},"excerpt":{"rendered":"<p>En la tarde del jueves se produjo un siniestro entre una bicicleta y un autom\u00f3vil en la zona c\u00e9ntrica de la ciudad. El hecho tuvo lugar en la esquina de Belgrano y General Pueyrred\u00f3n alrededor de las 18:00 hs, donde una joven que circulaba en una bicicleta fue colisionada por un autom\u00f3vil Chevrolet Cruze color [&hellip;]<\/p>\n","protected":false},"author":4,"featured_media":27590,"comment_status":"open","ping_status":"closed","sticky":false,"template":"","format":"standard","meta":{"om_disable_all_campaigns":false,"_jetpack_memberships_contains_paid_content":false,"footnotes":""},"categories":[2,103],"tags":[],"class_list":["post-27588","post","type-post","status-publish","format-standard","has-post-thumbnail","hentry","category-locales","category-policiales-locales"],"aioseo_notices":[],"gutentor_comment":0,"jetpack_featured_media_url":"https:\/\/eldiariodesanpedro.com.ar\/sitio\/wp-content\/uploads\/2018\/01\/traslado-ambulancia-accidente-bicicleta.jpeg","jetpack_shortlink":"https:\/\/wp.me\/p6RhLt-7aY","jetpack_sharing_enabled":true,"_links":{"self":[{"href":"https:\/\/eldiariodesanpedro.com.ar\/sitio\/wp-json\/wp\/v2\/posts\/27588","targetHints":{"allow":["GET"]}}],"collection":[{"href":"https:\/\/eldiariodesanpedro.com.ar\/sitio\/wp-json\/wp\/v2\/posts"}],"about":[{"href":"https:\/\/eldiariodesanpedro.com.ar\/sitio\/wp-json\/wp\/v2\/types\/post"}],"author":[{"embeddable":true,"href":"https:\/\/eldiariodesanpedro.com.ar\/sitio\/wp-json\/wp\/v2\/users\/4"}],"replies":[{"embeddable":true,"href":"https:\/\/eldiariodesanpedro.com.ar\/sitio\/wp-json\/wp\/v2\/comments?post=27588"}],"version-history":[{"count":1,"href":"https:\/\/eldiariodesanpedro.com.ar\/sitio\/wp-json\/wp\/v2\/posts\/27588\/revisions"}],"predecessor-version":[{"id":27592,"href":"https:\/\/eldiariodesanpedro.com.ar\/sitio\/wp-json\/wp\/v2\/posts\/27588\/revisions\/27592"}],"wp:featuredmedia":[{"embeddable":true,"href":"https:\/\/eldiariodesanpedro.com.ar\/sitio\/wp-json\/wp\/v2\/media\/27590"}],"wp:attachment":[{"href":"https:\/\/eldiariodesanpedro.com.ar\/sitio\/wp-json\/wp\/v2\/media?parent=27588"}],"wp:term":[{"taxonomy":"category","embeddable":true,"href":"https:\/\/eldiariodesanpedro.com.ar\/sitio\/wp-json\/wp\/v2\/categories?post=27588"},{"taxonomy":"post_tag","embeddable":true,"href":"https:\/\/eldiariodesanpedro.com.ar\/sitio\/wp-json\/wp\/v2\/tags?post=27588"}],"curies":[{"name":"wp","href":"https:\/\/api.w.org\/{rel}","templated":true}]}}