{"id":27587,"date":"2018-01-05T20:12:18","date_gmt":"2018-01-05T23:12:18","guid":{"rendered":"https:\/\/eldiariodesanpedro.com.ar\/sitio\/?p=27587"},"modified":"2018-01-05T20:12:18","modified_gmt":"2018-01-05T23:12:18","slug":"dos-aprehendidos-con-frondosos-antecedentes","status":"publish","type":"post","link":"https:\/\/eldiariodesanpedro.com.ar\/sitio\/dos-aprehendidos-con-frondosos-antecedentes\/","title":{"rendered":"Dos aprehendidos con frondosos antecedentes"},"content":{"rendered":"<p><!-- VideographyWP Plugin Message: Automatic video embedding prevented by plugin options. --><br \/>\n  El jueves, en la intersecci\u00f3n de 25 de Mayo y Lavalle de nuestra ciudad, tras un operativo de tr\u00e1nsito se procedi\u00f3 a la interceptaci\u00f3n de dos hombres mayores de edad, quienes se movilizaban en una motocicleta tipo 110 c.c.<br \/>\n  Se pudo establecer que uno de ellos pose\u00eda pedido de captura activo por infracci\u00f3n a la Ley de Drogas a pedido del Juzgado Federal 2 de San Nicol\u00e1s.  El sujeto que viajaba como acompa\u00f1ante ten\u00eda un Pedido de Paradero Activo por Robo calificado, a requerimiento de la UFI N\u00ba 2 de Campana. <\/p>\n<p>  La motocicleta fue secuestrada por falta de documentaci\u00f3n.<\/p>\n","protected":false},"excerpt":{"rendered":"<p>El jueves, en la intersecci\u00f3n de 25 de Mayo y Lavalle de nuestra ciudad, tras un operativo de tr\u00e1nsito se procedi\u00f3 a la interceptaci\u00f3n de dos hombres mayores de edad, quienes se movilizaban en una motocicleta tipo 110 c.c. Se pudo establecer que uno de ellos pose\u00eda pedido de captura activo por infracci\u00f3n a la [&hellip;]<\/p>\n","protected":false},"author":4,"featured_media":7819,"comment_status":"open","ping_status":"closed","sticky":false,"template":"","format":"standard","meta":{"om_disable_all_campaigns":false,"_jetpack_memberships_contains_paid_content":false,"footnotes":""},"categories":[2,103],"tags":[],"class_list":["post-27587","post","type-post","status-publish","format-standard","has-post-thumbnail","hentry","category-locales","category-policiales-locales"],"aioseo_notices":[],"gutentor_comment":0,"jetpack_featured_media_url":"https:\/\/eldiariodesanpedro.com.ar\/sitio\/wp-content\/uploads\/2016\/09\/detenidos-esposados.jpg","jetpack_shortlink":"https:\/\/wp.me\/p6RhLt-7aX","jetpack_sharing_enabled":true,"_links":{"self":[{"href":"https:\/\/eldiariodesanpedro.com.ar\/sitio\/wp-json\/wp\/v2\/posts\/27587","targetHints":{"allow":["GET"]}}],"collection":[{"href":"https:\/\/eldiariodesanpedro.com.ar\/sitio\/wp-json\/wp\/v2\/posts"}],"about":[{"href":"https:\/\/eldiariodesanpedro.com.ar\/sitio\/wp-json\/wp\/v2\/types\/post"}],"author":[{"embeddable":true,"href":"https:\/\/eldiariodesanpedro.com.ar\/sitio\/wp-json\/wp\/v2\/users\/4"}],"replies":[{"embeddable":true,"href":"https:\/\/eldiariodesanpedro.com.ar\/sitio\/wp-json\/wp\/v2\/comments?post=27587"}],"version-history":[{"count":1,"href":"https:\/\/eldiariodesanpedro.com.ar\/sitio\/wp-json\/wp\/v2\/posts\/27587\/revisions"}],"predecessor-version":[{"id":27591,"href":"https:\/\/eldiariodesanpedro.com.ar\/sitio\/wp-json\/wp\/v2\/posts\/27587\/revisions\/27591"}],"wp:featuredmedia":[{"embeddable":true,"href":"https:\/\/eldiariodesanpedro.com.ar\/sitio\/wp-json\/wp\/v2\/media\/7819"}],"wp:attachment":[{"href":"https:\/\/eldiariodesanpedro.com.ar\/sitio\/wp-json\/wp\/v2\/media?parent=27587"}],"wp:term":[{"taxonomy":"category","embeddable":true,"href":"https:\/\/eldiariodesanpedro.com.ar\/sitio\/wp-json\/wp\/v2\/categories?post=27587"},{"taxonomy":"post_tag","embeddable":true,"href":"https:\/\/eldiariodesanpedro.com.ar\/sitio\/wp-json\/wp\/v2\/tags?post=27587"}],"curies":[{"name":"wp","href":"https:\/\/api.w.org\/{rel}","templated":true}]}}