{"id":27586,"date":"2018-01-05T20:10:27","date_gmt":"2018-01-05T23:10:27","guid":{"rendered":"https:\/\/eldiariodesanpedro.com.ar\/sitio\/?p=27586"},"modified":"2018-01-05T20:10:27","modified_gmt":"2018-01-05T23:10:27","slug":"una-familia-de-hermano-indio-herida-por-perdigones","status":"publish","type":"post","link":"https:\/\/eldiariodesanpedro.com.ar\/sitio\/una-familia-de-hermano-indio-herida-por-perdigones\/","title":{"rendered":"Una familia de Hermano Indio herida por perdigones"},"content":{"rendered":"<p><!-- VideographyWP Plugin Message: Automatic video embedding prevented by plugin options. --><br \/>\n  El jueves en horas de la tarde, a trav\u00e9s del servicio 911, la Polic\u00eda de nuestra ciudad tom\u00f3 conocimiento de la existencia de varias personas heridas de arma de fuego en calle Hermano Indio al 800, los cuales fueron asistidos y trasladados por una ambulancia al Hospital local. <\/p>\n<p>  Posteriormente, se estableci\u00f3 que cuando este grupo de personas se encontraba parado en la vereda, pas\u00f3 por el lugar un hombre que se movilizaba en moto, el cual, sin detenerse, efectu\u00f3 un disparo con un arma tipo tumbera en direcci\u00f3n a estas personas, lo que provoc\u00f3 lesiones a todos. <\/p>\n<p>  Las v\u00edctimas son un hombre de 65 a\u00f1os, una mujer de 35, otra mujer de 55 a\u00f1os, una menor de 16 y un menor de 4 a\u00f1os. Todos presentaban lesiones por perdigonada en diferentes partes del cuerpo, todas de car\u00e1cter leves.<\/p>\n","protected":false},"excerpt":{"rendered":"<p>El jueves en horas de la tarde, a trav\u00e9s del servicio 911, la Polic\u00eda de nuestra ciudad tom\u00f3 conocimiento de la existencia de varias personas heridas de arma de fuego en calle Hermano Indio al 800, los cuales fueron asistidos y trasladados por una ambulancia al Hospital local. Posteriormente, se estableci\u00f3 que cuando este grupo [&hellip;]<\/p>\n","protected":false},"author":4,"featured_media":7633,"comment_status":"open","ping_status":"closed","sticky":false,"template":"","format":"standard","meta":{"om_disable_all_campaigns":false,"_jetpack_memberships_contains_paid_content":false,"footnotes":""},"categories":[2,103],"tags":[],"class_list":["post-27586","post","type-post","status-publish","format-standard","has-post-thumbnail","hentry","category-locales","category-policiales-locales"],"aioseo_notices":[],"gutentor_comment":0,"jetpack_featured_media_url":"https:\/\/eldiariodesanpedro.com.ar\/sitio\/wp-content\/uploads\/2016\/08\/hospital-policia.jpg","jetpack_shortlink":"https:\/\/wp.me\/p6RhLt-7aW","jetpack_sharing_enabled":true,"_links":{"self":[{"href":"https:\/\/eldiariodesanpedro.com.ar\/sitio\/wp-json\/wp\/v2\/posts\/27586","targetHints":{"allow":["GET"]}}],"collection":[{"href":"https:\/\/eldiariodesanpedro.com.ar\/sitio\/wp-json\/wp\/v2\/posts"}],"about":[{"href":"https:\/\/eldiariodesanpedro.com.ar\/sitio\/wp-json\/wp\/v2\/types\/post"}],"author":[{"embeddable":true,"href":"https:\/\/eldiariodesanpedro.com.ar\/sitio\/wp-json\/wp\/v2\/users\/4"}],"replies":[{"embeddable":true,"href":"https:\/\/eldiariodesanpedro.com.ar\/sitio\/wp-json\/wp\/v2\/comments?post=27586"}],"version-history":[{"count":1,"href":"https:\/\/eldiariodesanpedro.com.ar\/sitio\/wp-json\/wp\/v2\/posts\/27586\/revisions"}],"predecessor-version":[{"id":27589,"href":"https:\/\/eldiariodesanpedro.com.ar\/sitio\/wp-json\/wp\/v2\/posts\/27586\/revisions\/27589"}],"wp:featuredmedia":[{"embeddable":true,"href":"https:\/\/eldiariodesanpedro.com.ar\/sitio\/wp-json\/wp\/v2\/media\/7633"}],"wp:attachment":[{"href":"https:\/\/eldiariodesanpedro.com.ar\/sitio\/wp-json\/wp\/v2\/media?parent=27586"}],"wp:term":[{"taxonomy":"category","embeddable":true,"href":"https:\/\/eldiariodesanpedro.com.ar\/sitio\/wp-json\/wp\/v2\/categories?post=27586"},{"taxonomy":"post_tag","embeddable":true,"href":"https:\/\/eldiariodesanpedro.com.ar\/sitio\/wp-json\/wp\/v2\/tags?post=27586"}],"curies":[{"name":"wp","href":"https:\/\/api.w.org\/{rel}","templated":true}]}}