{"id":27583,"date":"2018-01-05T19:51:05","date_gmt":"2018-01-05T22:51:05","guid":{"rendered":"https:\/\/eldiariodesanpedro.com.ar\/sitio\/?p=27583"},"modified":"2018-01-05T19:51:05","modified_gmt":"2018-01-05T22:51:05","slug":"coopser-informa-tareas-de-mantenimiento-en-san-pedrito-ii-para-el-domingo","status":"publish","type":"post","link":"https:\/\/eldiariodesanpedro.com.ar\/sitio\/coopser-informa-tareas-de-mantenimiento-en-san-pedrito-ii-para-el-domingo\/","title":{"rendered":"COOPSER INFORMA: Tareas de mantenimiento en San Pedrito II para el domingo"},"content":{"rendered":"<p><!-- VideographyWP Plugin Message: Automatic video embedding prevented by plugin options. --><br \/>\n  COOPSER informa que tras una falla detectada hace algunos d\u00edas en una de las instalaciones de la Estaci\u00f3n Transformadora San Pedrito II, se ha resuelto efectuar una revisi\u00f3n con los fabricantes el pr\u00f3ximo domingo 7.<\/p>\n<p>  La tarea se iniciar\u00e1 a las 5.30 de la ma\u00f1ana y se extender\u00e1 aproximadamente 5 horas. El operativo est\u00e1 dise\u00f1ado en un horario especial y con todos los recaudos como para evitar cortes de suministro. No obstante, por la amplitud de la zona a la que se alimenta desde all\u00ed, se advierte sobre probables cortes.<\/p>\n<p>  El sector que podr\u00eda llegar a tener alguna consecuencia en el horario abarca un cuadrante aproximado incluyendo Ruta 1001 desde Avenida Sarmiento hasta Bajo Murano, Calle Jos\u00e9 Hern\u00e1ndez, Frers, Noseda, Dipietri y Crucero General Belgrano. Adem\u00e1s, Barrio Bario Cementerio, Bajo Puerto, Acceso al Puerto, Barrio Futuro, San Pedro Alimentos, Alimentaria San Pedro, Artesanales Facundo y Neupal S.A.<\/p>\n<p>  Reiteramos que como en ocasiones anteriores se intentar\u00e1 evitar el corte de suministro, pero la intenci\u00f3n de COOPSER es compartir la informaci\u00f3n con la comunidad para que en caso de ser necesarios, conozcan a que obedecen las interrupciones que tienen por objetivo garantizar la adecuada prestaci\u00f3n del servicio.<\/p>\n","protected":false},"excerpt":{"rendered":"<p>COOPSER informa que tras una falla detectada hace algunos d\u00edas en una de las instalaciones de la Estaci\u00f3n Transformadora San Pedrito II, se ha resuelto efectuar una revisi\u00f3n con los fabricantes el pr\u00f3ximo domingo 7. La tarea se iniciar\u00e1 a las 5.30 de la ma\u00f1ana y se extender\u00e1 aproximadamente 5 horas. El operativo est\u00e1 dise\u00f1ado [&hellip;]<\/p>\n","protected":false},"author":4,"featured_media":14421,"comment_status":"open","ping_status":"closed","sticky":false,"template":"","format":"standard","meta":{"om_disable_all_campaigns":false,"_jetpack_memberships_contains_paid_content":false,"footnotes":""},"categories":[101,2],"tags":[],"class_list":["post-27583","post","type-post","status-publish","format-standard","has-post-thumbnail","hentry","category-interes-general-locales","category-locales"],"aioseo_notices":[],"gutentor_comment":0,"jetpack_featured_media_url":"https:\/\/eldiariodesanpedro.com.ar\/sitio\/wp-content\/uploads\/2017\/02\/coopser-e1486683594690.jpg","jetpack_shortlink":"https:\/\/wp.me\/p6RhLt-7aT","jetpack_sharing_enabled":true,"_links":{"self":[{"href":"https:\/\/eldiariodesanpedro.com.ar\/sitio\/wp-json\/wp\/v2\/posts\/27583","targetHints":{"allow":["GET"]}}],"collection":[{"href":"https:\/\/eldiariodesanpedro.com.ar\/sitio\/wp-json\/wp\/v2\/posts"}],"about":[{"href":"https:\/\/eldiariodesanpedro.com.ar\/sitio\/wp-json\/wp\/v2\/types\/post"}],"author":[{"embeddable":true,"href":"https:\/\/eldiariodesanpedro.com.ar\/sitio\/wp-json\/wp\/v2\/users\/4"}],"replies":[{"embeddable":true,"href":"https:\/\/eldiariodesanpedro.com.ar\/sitio\/wp-json\/wp\/v2\/comments?post=27583"}],"version-history":[{"count":1,"href":"https:\/\/eldiariodesanpedro.com.ar\/sitio\/wp-json\/wp\/v2\/posts\/27583\/revisions"}],"predecessor-version":[{"id":27585,"href":"https:\/\/eldiariodesanpedro.com.ar\/sitio\/wp-json\/wp\/v2\/posts\/27583\/revisions\/27585"}],"wp:featuredmedia":[{"embeddable":true,"href":"https:\/\/eldiariodesanpedro.com.ar\/sitio\/wp-json\/wp\/v2\/media\/14421"}],"wp:attachment":[{"href":"https:\/\/eldiariodesanpedro.com.ar\/sitio\/wp-json\/wp\/v2\/media?parent=27583"}],"wp:term":[{"taxonomy":"category","embeddable":true,"href":"https:\/\/eldiariodesanpedro.com.ar\/sitio\/wp-json\/wp\/v2\/categories?post=27583"},{"taxonomy":"post_tag","embeddable":true,"href":"https:\/\/eldiariodesanpedro.com.ar\/sitio\/wp-json\/wp\/v2\/tags?post=27583"}],"curies":[{"name":"wp","href":"https:\/\/api.w.org\/{rel}","templated":true}]}}