{"id":27581,"date":"2018-01-05T19:46:02","date_gmt":"2018-01-05T22:46:02","guid":{"rendered":"https:\/\/eldiariodesanpedro.com.ar\/sitio\/?p=27581"},"modified":"2018-01-05T19:46:02","modified_gmt":"2018-01-05T22:46:02","slug":"reparacion-historica-el-28-de-febrero-vence-el-plazo-para-aceptar-el-acuerdo","status":"publish","type":"post","link":"https:\/\/eldiariodesanpedro.com.ar\/sitio\/reparacion-historica-el-28-de-febrero-vence-el-plazo-para-aceptar-el-acuerdo\/","title":{"rendered":"Reparaci\u00f3n Hist\u00f3rica: El 28 de febrero vence el plazo para aceptar el acuerdo"},"content":{"rendered":"<p><!-- VideographyWP Plugin Message: Automatic video embedding prevented by plugin options. --><br \/>\nANSES recuerda que, en el marco de la Resoluci\u00f3n 185-E\/2017, el pr\u00f3ximo 28 de febrero vence el plazo para aceptar el acuerdo al Programa Nacional de Reparaci\u00f3n Hist\u00f3rica. <\/p>\n<p>  Esto significa que todos los jubilados y pensionados que recibieron la recomposici\u00f3n de su haber de manera autom\u00e1tica y a\u00fan no aceptaron la propuesta en la web de la ANSES o todav\u00eda no suscribieron el acuerdo deben completar el tr\u00e1mite antes de dicha fecha. <\/p>\n<p><strong>C\u00f3mo aceptar el acuerdo y suscribirlo, en el caso de que sea necesario <\/strong><\/p>\n<p>  Los jubilados y pensionados, que ya cobran autom\u00e1ticamente y a\u00fan no aceptaron el acuerdo v\u00eda web, deben hacerlo antes del 28 de febrero en www.anses.gob.ar, secci\u00f3n Accesos R\u00e1pidos, opci\u00f3n Mi ANSES, con su Clave de la Seguridad Social. <\/p>\n<p>  Una vez all\u00ed, deben actualizar la informaci\u00f3n personal y de contacto (correo electr\u00f3nico, tel\u00e9fono y domicilio) desde el \u00edcono Datos de domicilio y contacto y, por \u00faltimo, ingresar al men\u00fa de la izquierda, secci\u00f3n REPARACI\u00d3N HIST\u00d3RICA donde podr\u00e1n visualizar el monto del reajuste y aceptar los t\u00e9rminos y condiciones del acuerdo. Si el sistema no les solicita m\u00e1s acciones, all\u00ed finaliza el tr\u00e1mite y se da por aceptado el acuerdo.<\/p>\n<p>  En cambio, si el sistema, una vez realizados los pasos descriptos, muestra m\u00e1s pantallas y solicita suscribir el acuerdo, el procedimiento debe continuar de la siguiente manera:<\/p>\n<p>1) Designar un abogado patrocinante: dentro de Mi ANSES tendr\u00e1n que cargar los datos del profesional, indicando su CUIT o CUIL, nombre y apellido y un correo electr\u00f3nico de contacto. Despu\u00e9s, es necesario que el abogado acepte el patrocinio ingresando tambi\u00e9n a Mi ANSES con su Clave de la Seguridad Social. <\/p>\n<p>  Cabe recordar que, con respecto a los jubilados y pensionados que no cuentan con un abogado, la ANSES firm\u00f3 convenios con distintos Colegios de Abogados, Defensor\u00eda del Pueblo y Defensor\u00edas P\u00fablicas para que sean patrocinados en forma gratuita. Para obtener m\u00e1s informaci\u00f3n, deber\u00e1n ingresar en www.anses.gob.ar, secci\u00f3n Reparaci\u00f3n Hist\u00f3rica, opci\u00f3n Procedimiento\/Aceptaci\u00f3n del acuerdo\/Elecci\u00f3n abogado. <\/p>\n<p>2) Suscribir el acuerdo, tanto el titular como el abogado, con huella digital: deber\u00e1n dirigirse a una oficina del organismo, previa solicitud de turno, o bien, en las terminales de la ANSES disponibles en distintos bancos, sin turno. <\/p>\n<p>  Posteriormente a este procedimiento, la ANSES enviar\u00e1 el acuerdo a la Justicia para su homologaci\u00f3n. <\/p>\n<p>  En esta \u00faltima instancia, todos los pasos tambi\u00e9n deben ser llevados a cabo antes del 28 de febrero de este a\u00f1o para que el titular siga cobrando el reajuste de Reparaci\u00f3n Hist\u00f3rica.<\/p>\n<p>  Por cualquier consulta sobre el tr\u00e1mite pueden comunicarse al tel\u00e9fono gratuito 130 o desde la misma web de la ANSES.<\/p>\n","protected":false},"excerpt":{"rendered":"<p>ANSES recuerda que, en el marco de la Resoluci\u00f3n 185-E\/2017, el pr\u00f3ximo 28 de febrero vence el plazo para aceptar el acuerdo al Programa Nacional de Reparaci\u00f3n Hist\u00f3rica. Esto significa que todos los jubilados y pensionados que recibieron la recomposici\u00f3n de su haber de manera autom\u00e1tica y a\u00fan no aceptaron la propuesta en la web [&hellip;]<\/p>\n","protected":false},"author":4,"featured_media":27582,"comment_status":"open","ping_status":"closed","sticky":false,"template":"","format":"standard","meta":{"om_disable_all_campaigns":false,"_jetpack_memberships_contains_paid_content":false,"footnotes":""},"categories":[101,2],"tags":[],"class_list":["post-27581","post","type-post","status-publish","format-standard","has-post-thumbnail","hentry","category-interes-general-locales","category-locales"],"aioseo_notices":[],"gutentor_comment":0,"jetpack_featured_media_url":"https:\/\/eldiariodesanpedro.com.ar\/sitio\/wp-content\/uploads\/2018\/01\/jubilado.jpg","jetpack_shortlink":"https:\/\/wp.me\/p6RhLt-7aR","jetpack_sharing_enabled":true,"_links":{"self":[{"href":"https:\/\/eldiariodesanpedro.com.ar\/sitio\/wp-json\/wp\/v2\/posts\/27581","targetHints":{"allow":["GET"]}}],"collection":[{"href":"https:\/\/eldiariodesanpedro.com.ar\/sitio\/wp-json\/wp\/v2\/posts"}],"about":[{"href":"https:\/\/eldiariodesanpedro.com.ar\/sitio\/wp-json\/wp\/v2\/types\/post"}],"author":[{"embeddable":true,"href":"https:\/\/eldiariodesanpedro.com.ar\/sitio\/wp-json\/wp\/v2\/users\/4"}],"replies":[{"embeddable":true,"href":"https:\/\/eldiariodesanpedro.com.ar\/sitio\/wp-json\/wp\/v2\/comments?post=27581"}],"version-history":[{"count":1,"href":"https:\/\/eldiariodesanpedro.com.ar\/sitio\/wp-json\/wp\/v2\/posts\/27581\/revisions"}],"predecessor-version":[{"id":27584,"href":"https:\/\/eldiariodesanpedro.com.ar\/sitio\/wp-json\/wp\/v2\/posts\/27581\/revisions\/27584"}],"wp:featuredmedia":[{"embeddable":true,"href":"https:\/\/eldiariodesanpedro.com.ar\/sitio\/wp-json\/wp\/v2\/media\/27582"}],"wp:attachment":[{"href":"https:\/\/eldiariodesanpedro.com.ar\/sitio\/wp-json\/wp\/v2\/media?parent=27581"}],"wp:term":[{"taxonomy":"category","embeddable":true,"href":"https:\/\/eldiariodesanpedro.com.ar\/sitio\/wp-json\/wp\/v2\/categories?post=27581"},{"taxonomy":"post_tag","embeddable":true,"href":"https:\/\/eldiariodesanpedro.com.ar\/sitio\/wp-json\/wp\/v2\/tags?post=27581"}],"curies":[{"name":"wp","href":"https:\/\/api.w.org\/{rel}","templated":true}]}}