{"id":27577,"date":"2018-01-05T11:33:20","date_gmt":"2018-01-05T14:33:20","guid":{"rendered":"https:\/\/eldiariodesanpedro.com.ar\/sitio\/?p=27577"},"modified":"2018-01-05T11:33:20","modified_gmt":"2018-01-05T14:33:20","slug":"ciclo-de-cine-de-verano-bajo-las-estrellas","status":"publish","type":"post","link":"https:\/\/eldiariodesanpedro.com.ar\/sitio\/ciclo-de-cine-de-verano-bajo-las-estrellas\/","title":{"rendered":"Ciclo de cine de verano bajo las estrellas"},"content":{"rendered":"<p><!-- VideographyWP Plugin Message: Automatic video embedding prevented by plugin options. --><br \/>\nTodos los domingos de Enero y Febrero, a las 20:00 hs. en la Plaza Belgrano.<\/p>\n<p>La Direcci\u00f3n de Cultura presenta una nueva edici\u00f3n del ciclo de cine de verano \u201cCine bajo las estrellas\u201d.<\/p>\n<p>En esta oportunidad las proyecciones se realizar\u00e1n todos los domingos de Enero y Febrero, a las 20:00hs en la Plaza Belgrano, la entrada es libre y gratuita<\/p>\n<p>Las pel\u00edculas a Proyectarse ser\u00e1n:<\/p>\n<p>7\/01 D\u00edas de Vinilo<br \/>\n14\/01 El Patr\u00f3n<br \/>\n21\/01 El 5 de Talleres<br \/>\n28\/01 Concursante<br \/>\n04\/02 La Cordillera<br \/>\n18\/02 El rey de la Monta\u00f1a<br \/>\n25\/02 Casi leyendas<\/p>\n<p>Antes de cada funci\u00f3n de cine, y a partir de las 19:00 hs. Selva e Iv\u00e1n dar\u00e1n clases de Salsa de las que el p\u00fablico podr\u00e1 participar, en el mismo espacio de la Plaza Belgrano.<\/p>\n","protected":false},"excerpt":{"rendered":"<p>Todos los domingos de Enero y Febrero, a las 20:00 hs. en la Plaza Belgrano. La Direcci\u00f3n de Cultura presenta una nueva edici\u00f3n del ciclo de cine de verano \u201cCine bajo las estrellas\u201d. En esta oportunidad las proyecciones se realizar\u00e1n todos los domingos de Enero y Febrero, a las 20:00hs en la Plaza Belgrano, la [&hellip;]<\/p>\n","protected":false},"author":4,"featured_media":27578,"comment_status":"open","ping_status":"closed","sticky":false,"template":"","format":"standard","meta":{"om_disable_all_campaigns":false,"_jetpack_memberships_contains_paid_content":false,"footnotes":""},"categories":[101,2],"tags":[],"class_list":["post-27577","post","type-post","status-publish","format-standard","has-post-thumbnail","hentry","category-interes-general-locales","category-locales"],"aioseo_notices":[],"gutentor_comment":0,"jetpack_featured_media_url":"https:\/\/eldiariodesanpedro.com.ar\/sitio\/wp-content\/uploads\/2018\/01\/01-Dias-de-Vinilo.png","jetpack_shortlink":"https:\/\/wp.me\/p6RhLt-7aN","jetpack_sharing_enabled":true,"_links":{"self":[{"href":"https:\/\/eldiariodesanpedro.com.ar\/sitio\/wp-json\/wp\/v2\/posts\/27577","targetHints":{"allow":["GET"]}}],"collection":[{"href":"https:\/\/eldiariodesanpedro.com.ar\/sitio\/wp-json\/wp\/v2\/posts"}],"about":[{"href":"https:\/\/eldiariodesanpedro.com.ar\/sitio\/wp-json\/wp\/v2\/types\/post"}],"author":[{"embeddable":true,"href":"https:\/\/eldiariodesanpedro.com.ar\/sitio\/wp-json\/wp\/v2\/users\/4"}],"replies":[{"embeddable":true,"href":"https:\/\/eldiariodesanpedro.com.ar\/sitio\/wp-json\/wp\/v2\/comments?post=27577"}],"version-history":[{"count":1,"href":"https:\/\/eldiariodesanpedro.com.ar\/sitio\/wp-json\/wp\/v2\/posts\/27577\/revisions"}],"predecessor-version":[{"id":27579,"href":"https:\/\/eldiariodesanpedro.com.ar\/sitio\/wp-json\/wp\/v2\/posts\/27577\/revisions\/27579"}],"wp:featuredmedia":[{"embeddable":true,"href":"https:\/\/eldiariodesanpedro.com.ar\/sitio\/wp-json\/wp\/v2\/media\/27578"}],"wp:attachment":[{"href":"https:\/\/eldiariodesanpedro.com.ar\/sitio\/wp-json\/wp\/v2\/media?parent=27577"}],"wp:term":[{"taxonomy":"category","embeddable":true,"href":"https:\/\/eldiariodesanpedro.com.ar\/sitio\/wp-json\/wp\/v2\/categories?post=27577"},{"taxonomy":"post_tag","embeddable":true,"href":"https:\/\/eldiariodesanpedro.com.ar\/sitio\/wp-json\/wp\/v2\/tags?post=27577"}],"curies":[{"name":"wp","href":"https:\/\/api.w.org\/{rel}","templated":true}]}}