{"id":27574,"date":"2018-01-05T11:28:22","date_gmt":"2018-01-05T14:28:22","guid":{"rendered":"https:\/\/eldiariodesanpedro.com.ar\/sitio\/?p=27574"},"modified":"2018-01-05T11:28:22","modified_gmt":"2018-01-05T14:28:22","slug":"jornada-sobre-alimentacion-para-personas-con-diabetes","status":"publish","type":"post","link":"https:\/\/eldiariodesanpedro.com.ar\/sitio\/jornada-sobre-alimentacion-para-personas-con-diabetes\/","title":{"rendered":"Jornada sobre alimentaci\u00f3n para personas con Diabetes"},"content":{"rendered":"<p><!-- VideographyWP Plugin Message: Automatic video embedding prevented by plugin options. --><br \/>\nEl d\u00eda 10 de enero a las 9.30 hs. se dar\u00e1 una charla de alimentaci\u00f3n para las personas con diabetes en el subsuelo del Hospital.<br \/>\nLa alimentaci\u00f3n es un factor fundamental a tener en cuenta cuando se tiene diabetes. La Municipalidad De San Pedro lo invita a participar a una charla en el subsuelo del Hospital. La jornada es libre y gratuita. <\/p>\n","protected":false},"excerpt":{"rendered":"<p>El d\u00eda 10 de enero a las 9.30 hs. se dar\u00e1 una charla de alimentaci\u00f3n para las personas con diabetes en el subsuelo del Hospital. La alimentaci\u00f3n es un factor fundamental a tener en cuenta cuando se tiene diabetes. La Municipalidad De San Pedro lo invita a participar a una charla en el subsuelo del [&hellip;]<\/p>\n","protected":false},"author":4,"featured_media":27575,"comment_status":"open","ping_status":"closed","sticky":false,"template":"","format":"standard","meta":{"om_disable_all_campaigns":false,"_jetpack_memberships_contains_paid_content":false,"footnotes":""},"categories":[101,2],"tags":[],"class_list":["post-27574","post","type-post","status-publish","format-standard","has-post-thumbnail","hentry","category-interes-general-locales","category-locales"],"aioseo_notices":[],"gutentor_comment":0,"jetpack_featured_media_url":"https:\/\/eldiariodesanpedro.com.ar\/sitio\/wp-content\/uploads\/2018\/01\/Jornada-diabetes.png","jetpack_shortlink":"https:\/\/wp.me\/p6RhLt-7aK","jetpack_sharing_enabled":true,"_links":{"self":[{"href":"https:\/\/eldiariodesanpedro.com.ar\/sitio\/wp-json\/wp\/v2\/posts\/27574","targetHints":{"allow":["GET"]}}],"collection":[{"href":"https:\/\/eldiariodesanpedro.com.ar\/sitio\/wp-json\/wp\/v2\/posts"}],"about":[{"href":"https:\/\/eldiariodesanpedro.com.ar\/sitio\/wp-json\/wp\/v2\/types\/post"}],"author":[{"embeddable":true,"href":"https:\/\/eldiariodesanpedro.com.ar\/sitio\/wp-json\/wp\/v2\/users\/4"}],"replies":[{"embeddable":true,"href":"https:\/\/eldiariodesanpedro.com.ar\/sitio\/wp-json\/wp\/v2\/comments?post=27574"}],"version-history":[{"count":1,"href":"https:\/\/eldiariodesanpedro.com.ar\/sitio\/wp-json\/wp\/v2\/posts\/27574\/revisions"}],"predecessor-version":[{"id":27576,"href":"https:\/\/eldiariodesanpedro.com.ar\/sitio\/wp-json\/wp\/v2\/posts\/27574\/revisions\/27576"}],"wp:featuredmedia":[{"embeddable":true,"href":"https:\/\/eldiariodesanpedro.com.ar\/sitio\/wp-json\/wp\/v2\/media\/27575"}],"wp:attachment":[{"href":"https:\/\/eldiariodesanpedro.com.ar\/sitio\/wp-json\/wp\/v2\/media?parent=27574"}],"wp:term":[{"taxonomy":"category","embeddable":true,"href":"https:\/\/eldiariodesanpedro.com.ar\/sitio\/wp-json\/wp\/v2\/categories?post=27574"},{"taxonomy":"post_tag","embeddable":true,"href":"https:\/\/eldiariodesanpedro.com.ar\/sitio\/wp-json\/wp\/v2\/tags?post=27574"}],"curies":[{"name":"wp","href":"https:\/\/api.w.org\/{rel}","templated":true}]}}