{"id":27571,"date":"2018-01-05T11:25:51","date_gmt":"2018-01-05T14:25:51","guid":{"rendered":"https:\/\/eldiariodesanpedro.com.ar\/sitio\/?p=27571"},"modified":"2018-01-05T11:25:51","modified_gmt":"2018-01-05T14:25:51","slug":"campana-camion-de-ce-arraso-cables-y-dejo-un-sector-de-la-ciudad-sin-luz-telefono-y-tv","status":"publish","type":"post","link":"https:\/\/eldiariodesanpedro.com.ar\/sitio\/campana-camion-de-ce-arraso-cables-y-dejo-un-sector-de-la-ciudad-sin-luz-telefono-y-tv\/","title":{"rendered":"CAMPANA: Cami\u00f3n de C&#038;E arras\u00f3 cables y dej\u00f3 un sector de la ciudad sin luz, tel\u00e9fono y TV"},"content":{"rendered":"<p><!-- VideographyWP Plugin Message: Automatic video embedding prevented by plugin options. --><br \/>\nTambi\u00e9n dejaron de funcionar los sem\u00e1foros y el servicio de internet. Un cami\u00f3n de tal porte \u00bfpuede circular por el casco c\u00e9ntrico? \u00bfNecesita un permiso especial? \u00bfQu\u00e9 sucede con el cemento de las calles ante el peso que transporta?<\/p>\n<p>Un importante sector de nuestra ciudad se qued\u00f3 por un buen rato (varias horas) sin servicios de energ\u00eda el\u00e9ctrica y por ende de internet, entre otros, debido a un incidente vial protagonizado por un cami\u00f3n de la empresa C&#038;E, interno 222, tal identificaci\u00f3n en la puerta de la cabina.<\/p>\n<p>De acuerdo con versiones de vecinos, la unidad traccionaba un carret\u00f3n (de 2,60mts de ancho y 18,50mts de largo, identificaba como unidad 439, siendo su chapa patente AB 439 JN) transportando maquinarias de movimiento de suelo.<\/p>\n<p>Y circulaba por Bv. Lavalle y Av. Ameghino, ingresando a nuestra ciudad, en sentido hacia la Plaza Dr. \u201cEduardo Costa\u201d, cuando se le habr\u00eda levantado el techo a una de las topadoras que transportaba y esa situaci\u00f3n habr\u00eda generado que embistiera y cortara el cable de tendido a\u00e9reo.<\/p>\n<p>Ante dicha situaci\u00f3n, y en sectores de la ciudad, dejaron de funcionar la luz, los servicios de CableVisi\u00f3n (la tv por cable y la internet), como tambi\u00e9n los de telefon\u00eda fija.<\/p>\n<p>Pero, adem\u00e1s, gener\u00f3 inconvenientes en el sistema de tr\u00e1nsito, porque varios sem\u00e1foros dejaron de funcionar.<\/p>\n<p>Unidades M\u00f3viles y personal policial se apersonaron al lugar, para verificar lo que estaba ocurriendo, ante reclamos de los vecinos.<\/p>\n<p>Ahora bien, varias preguntas: Un cami\u00f3n de tal porte \u00bfpuede circular por el casco c\u00e9ntrico? \u00bfNecesita un permiso especial? \u00bfSi se le concedi\u00f3 el permiso especial, no se le debe controlar al recorrido?<\/p>\n<p>Las unidades transportadas, \u00bfestaban ubicadas correctamente, o sobrecargaban los ejes del carret\u00f3n? Si esto pasaba, \u00bfno se da\u00f1a la durabilidad y\/o vida \u00fatil de la calzada?<\/p>\n<p>En las rutas, este tipo de unidades m\u00f3viles especiales suelen circular acompa\u00f1ados por \u201ccamionetas gu\u00edas\u201d que preanuncian movimientos (suelen circular con banderas y balizas en funcionamiento) y advierten la grandeza de la unidad, ubicadas por delante y por detr\u00e1s del cami\u00f3n, \u00bfen pleno centro de nuestra ciudad, no era necesario disponer de ellas para evitar cualquier posible accidente?<\/p>\n<p>Planteamos las dudas, ustedes y nosotros, esperamos las respuestas de aquellos que deben darlas\u2026 <\/p>\n<p>Fuente: Campana Noticias (http:\/\/www.campananoticias.com\/)<\/p>\n","protected":false},"excerpt":{"rendered":"<p>Tambi\u00e9n dejaron de funcionar los sem\u00e1foros y el servicio de internet. Un cami\u00f3n de tal porte \u00bfpuede circular por el casco c\u00e9ntrico? \u00bfNecesita un permiso especial? \u00bfQu\u00e9 sucede con el cemento de las calles ante el peso que transporta? Un importante sector de nuestra ciudad se qued\u00f3 por un buen rato (varias horas) sin servicios [&hellip;]<\/p>\n","protected":false},"author":4,"featured_media":27572,"comment_status":"open","ping_status":"closed","sticky":false,"template":"","format":"standard","meta":{"om_disable_all_campaigns":false,"_jetpack_memberships_contains_paid_content":false,"footnotes":""},"categories":[621],"tags":[],"class_list":["post-27571","post","type-post","status-publish","format-standard","has-post-thumbnail","hentry","category-regionales"],"aioseo_notices":[],"gutentor_comment":0,"jetpack_featured_media_url":"https:\/\/eldiariodesanpedro.com.ar\/sitio\/wp-content\/uploads\/2018\/01\/20180104123548.jpg","jetpack_shortlink":"https:\/\/wp.me\/p6RhLt-7aH","jetpack_sharing_enabled":true,"_links":{"self":[{"href":"https:\/\/eldiariodesanpedro.com.ar\/sitio\/wp-json\/wp\/v2\/posts\/27571","targetHints":{"allow":["GET"]}}],"collection":[{"href":"https:\/\/eldiariodesanpedro.com.ar\/sitio\/wp-json\/wp\/v2\/posts"}],"about":[{"href":"https:\/\/eldiariodesanpedro.com.ar\/sitio\/wp-json\/wp\/v2\/types\/post"}],"author":[{"embeddable":true,"href":"https:\/\/eldiariodesanpedro.com.ar\/sitio\/wp-json\/wp\/v2\/users\/4"}],"replies":[{"embeddable":true,"href":"https:\/\/eldiariodesanpedro.com.ar\/sitio\/wp-json\/wp\/v2\/comments?post=27571"}],"version-history":[{"count":1,"href":"https:\/\/eldiariodesanpedro.com.ar\/sitio\/wp-json\/wp\/v2\/posts\/27571\/revisions"}],"predecessor-version":[{"id":27573,"href":"https:\/\/eldiariodesanpedro.com.ar\/sitio\/wp-json\/wp\/v2\/posts\/27571\/revisions\/27573"}],"wp:featuredmedia":[{"embeddable":true,"href":"https:\/\/eldiariodesanpedro.com.ar\/sitio\/wp-json\/wp\/v2\/media\/27572"}],"wp:attachment":[{"href":"https:\/\/eldiariodesanpedro.com.ar\/sitio\/wp-json\/wp\/v2\/media?parent=27571"}],"wp:term":[{"taxonomy":"category","embeddable":true,"href":"https:\/\/eldiariodesanpedro.com.ar\/sitio\/wp-json\/wp\/v2\/categories?post=27571"},{"taxonomy":"post_tag","embeddable":true,"href":"https:\/\/eldiariodesanpedro.com.ar\/sitio\/wp-json\/wp\/v2\/tags?post=27571"}],"curies":[{"name":"wp","href":"https:\/\/api.w.org\/{rel}","templated":true}]}}