{"id":27568,"date":"2018-01-05T11:17:22","date_gmt":"2018-01-05T14:17:22","guid":{"rendered":"https:\/\/eldiariodesanpedro.com.ar\/sitio\/?p=27568"},"modified":"2018-01-05T11:17:22","modified_gmt":"2018-01-05T14:17:22","slug":"escobar-degenerado-mostro-partes-intimas-a-una-nena-de-seis-anos","status":"publish","type":"post","link":"https:\/\/eldiariodesanpedro.com.ar\/sitio\/escobar-degenerado-mostro-partes-intimas-a-una-nena-de-seis-anos\/","title":{"rendered":"ESCOBAR: Degenerado mostr\u00f3 partes \u00edntimas a una nena de seis a\u00f1os"},"content":{"rendered":"<p><!-- VideographyWP Plugin Message: Automatic video embedding prevented by plugin options. --><br \/>\nEn las \u00faltimas horas la localidad de Maquinista Savio se vio revolucionada a ra\u00edz de un aberrante hecho perpetrado por un vecino apodado \u201cEl Chapo\u201d. Fue aprehendido y se abri\u00f3 una causa por \u201cabuso sexual simple\u201d.<\/p>\n<p>Intervino en el caso la Comisar\u00eda de Escobar 4\u00aa, que el pasado martes le tom\u00f3 la denuncia a una vecina de 31 a\u00f1os. La mujer asegur\u00f3 ante la polic\u00eda que dicho sujeto le hab\u00eda manoseado partes \u00edntimas y exhibido el pene a su hija menor, de s\u00f3lo seis a\u00f1os. En consecuencia, personal del Gabinete Criminol\u00f3gico de dicha seccional concurri\u00f3 al domicilio del acusado, y lo encontraron en la vereda, siendo aprehendido al instante.<\/p>\n<p>El sujeto tiene 26 a\u00f1os, es empleado y reside en la localidad. Intervino la Dra. Laura Cotello de la Ayudant\u00eda Fiscal de Maquinista Savio, quien dispuso actuaciones por el delito de \u201cabuso sexual simple\u201d.<\/p>\n","protected":false},"excerpt":{"rendered":"<p>En las \u00faltimas horas la localidad de Maquinista Savio se vio revolucionada a ra\u00edz de un aberrante hecho perpetrado por un vecino apodado \u201cEl Chapo\u201d. Fue aprehendido y se abri\u00f3 una causa por \u201cabuso sexual simple\u201d. Intervino en el caso la Comisar\u00eda de Escobar 4\u00aa, que el pasado martes le tom\u00f3 la denuncia a una [&hellip;]<\/p>\n","protected":false},"author":4,"featured_media":27569,"comment_status":"open","ping_status":"closed","sticky":false,"template":"","format":"standard","meta":{"om_disable_all_campaigns":false,"_jetpack_memberships_contains_paid_content":false,"footnotes":""},"categories":[621],"tags":[],"class_list":["post-27568","post","type-post","status-publish","format-standard","has-post-thumbnail","hentry","category-regionales"],"aioseo_notices":[],"gutentor_comment":0,"jetpack_featured_media_url":"https:\/\/eldiariodesanpedro.com.ar\/sitio\/wp-content\/uploads\/2018\/01\/PAGINA-6-UNO.jpg","jetpack_shortlink":"https:\/\/wp.me\/p6RhLt-7aE","jetpack_sharing_enabled":true,"_links":{"self":[{"href":"https:\/\/eldiariodesanpedro.com.ar\/sitio\/wp-json\/wp\/v2\/posts\/27568","targetHints":{"allow":["GET"]}}],"collection":[{"href":"https:\/\/eldiariodesanpedro.com.ar\/sitio\/wp-json\/wp\/v2\/posts"}],"about":[{"href":"https:\/\/eldiariodesanpedro.com.ar\/sitio\/wp-json\/wp\/v2\/types\/post"}],"author":[{"embeddable":true,"href":"https:\/\/eldiariodesanpedro.com.ar\/sitio\/wp-json\/wp\/v2\/users\/4"}],"replies":[{"embeddable":true,"href":"https:\/\/eldiariodesanpedro.com.ar\/sitio\/wp-json\/wp\/v2\/comments?post=27568"}],"version-history":[{"count":1,"href":"https:\/\/eldiariodesanpedro.com.ar\/sitio\/wp-json\/wp\/v2\/posts\/27568\/revisions"}],"predecessor-version":[{"id":27570,"href":"https:\/\/eldiariodesanpedro.com.ar\/sitio\/wp-json\/wp\/v2\/posts\/27568\/revisions\/27570"}],"wp:featuredmedia":[{"embeddable":true,"href":"https:\/\/eldiariodesanpedro.com.ar\/sitio\/wp-json\/wp\/v2\/media\/27569"}],"wp:attachment":[{"href":"https:\/\/eldiariodesanpedro.com.ar\/sitio\/wp-json\/wp\/v2\/media?parent=27568"}],"wp:term":[{"taxonomy":"category","embeddable":true,"href":"https:\/\/eldiariodesanpedro.com.ar\/sitio\/wp-json\/wp\/v2\/categories?post=27568"},{"taxonomy":"post_tag","embeddable":true,"href":"https:\/\/eldiariodesanpedro.com.ar\/sitio\/wp-json\/wp\/v2\/tags?post=27568"}],"curies":[{"name":"wp","href":"https:\/\/api.w.org\/{rel}","templated":true}]}}