{"id":27565,"date":"2018-01-05T10:57:19","date_gmt":"2018-01-05T13:57:19","guid":{"rendered":"https:\/\/eldiariodesanpedro.com.ar\/sitio\/?p=27565"},"modified":"2018-01-05T10:57:19","modified_gmt":"2018-01-05T13:57:19","slug":"san-nicolas-en-contra-de-los-despidos-ate-realiza-el-primer-paro-del-ano","status":"publish","type":"post","link":"https:\/\/eldiariodesanpedro.com.ar\/sitio\/san-nicolas-en-contra-de-los-despidos-ate-realiza-el-primer-paro-del-ano\/","title":{"rendered":"SAN NICOLAS: En contra de los despidos, ATE realiza el primer paro del a\u00f1o"},"content":{"rendered":"<p><!-- VideographyWP Plugin Message: Automatic video embedding prevented by plugin options. --><br \/>\nLa Asociaci\u00f3n de Trabajadores del Estado concretar\u00e1 hoy un paro nacional en rechazo a los despidos en el sector p\u00fablico. El gremio advierte que en los \u00faltimos d\u00edas se registraron unas 800 cesant\u00edas, y alrededor de 300 en la provincia de Buenos Aires. En el plano local, la medida de fuerza afecta al hospital San Felipe, adem\u00e1s de la atenci\u00f3n en el IPS, IOMA, Consejo Escolar y Patronato de Liberados.<\/p>\n<p>La Asociaci\u00f3n de Trabajadores del Estado (ATE) llevar\u00e1 a cabo este jueves un paro nacional en rechazo a los despidos en el sector p\u00fablico. El gremio conducido a nivel nacional por Hugo Cachorro Godoy advirti\u00f3 que en los \u00faltimos d\u00edas se registraron unas 800 cesant\u00edas, y alrededor de 300 en la provincia de Buenos Aires.<\/p>\n<p>En el plano local, la medida de fuerza afectar\u00e1 hoy al hospital San Felipe ya que no habr\u00e1 atenci\u00f3n en consultorios externos. S\u00ed se garantiza el servicio de Guardia para urgencias y emergencias. Tambi\u00e9n afecta a las escuelas que se encuentran abiertas debido a que se pliegan a la medida los auxiliares de educaci\u00f3n, lo cual impactar\u00e1 tambi\u00e9n en el programa Acci\u00f3n de Verano. Adem\u00e1s, la medida incluye al servicio del IPS, IOMA, Consejo Escolar y Patronato de Liberados.<\/p>\n<p>\u201cSe est\u00e1n incrementando los despidos en muchos municipios. A nivel provincial hubo 70 despidos a fin de a\u00f1o. No obstante eso, el gobierno bonaerense amenaz\u00f3 con otras 138 cesant\u00edas en la Unidad Ejecutora Provincial (UEP). Es en este marco en el cual convocamos a un paro nacional\u201d, explic\u00f3 la secretaria general de ATE San Nicol\u00e1s, Mar\u00eda Eugenia Bravo.<\/p>\n<p>Las iniciativas en reclamo al cese de despidos en el Estado nacional, provincial y municipales que lleva a cabo ATE comenzaron el 28 de diciembre con una jornada de de lucha, y continu\u00f3 al d\u00eda siguiente con una movilizaci\u00f3n. En aquellos d\u00edas el gremio hab\u00eda anunciado un paro total de actividades para este jueves 4 de enero en caso de no revertirse el panorama.<\/p>\n<p>\u201cEs necesario visibilizar lo que ocurre porque hay muchos que quieren ocultar este tema. Nos encontramos contra un gobierno nacional y provincial que avanz\u00f3 sobre los derechos de los jubilados. Y que ahora buscar\u00e1 ir contra los trabajadores con una reforma laboral que, en realidad, no es otra cosa que una precarizaci\u00f3n laboral\u201d, apunt\u00f3 Bravo. <\/p>\n<p>Fuente: Diario El Norte (http:\/\/www.diarioelnorte.com.ar)<\/p>\n","protected":false},"excerpt":{"rendered":"<p>La Asociaci\u00f3n de Trabajadores del Estado concretar\u00e1 hoy un paro nacional en rechazo a los despidos en el sector p\u00fablico. El gremio advierte que en los \u00faltimos d\u00edas se registraron unas 800 cesant\u00edas, y alrededor de 300 en la provincia de Buenos Aires. En el plano local, la medida de fuerza afecta al hospital San [&hellip;]<\/p>\n","protected":false},"author":4,"featured_media":27566,"comment_status":"open","ping_status":"closed","sticky":false,"template":"","format":"standard","meta":{"om_disable_all_campaigns":false,"_jetpack_memberships_contains_paid_content":false,"footnotes":""},"categories":[621],"tags":[],"class_list":["post-27565","post","type-post","status-publish","format-standard","has-post-thumbnail","hentry","category-regionales"],"aioseo_notices":[],"gutentor_comment":0,"jetpack_featured_media_url":"https:\/\/eldiariodesanpedro.com.ar\/sitio\/wp-content\/uploads\/2018\/01\/elnorte5a4d8858b70c2_5-paro-4col.jpg","jetpack_shortlink":"https:\/\/wp.me\/p6RhLt-7aB","jetpack_sharing_enabled":true,"_links":{"self":[{"href":"https:\/\/eldiariodesanpedro.com.ar\/sitio\/wp-json\/wp\/v2\/posts\/27565","targetHints":{"allow":["GET"]}}],"collection":[{"href":"https:\/\/eldiariodesanpedro.com.ar\/sitio\/wp-json\/wp\/v2\/posts"}],"about":[{"href":"https:\/\/eldiariodesanpedro.com.ar\/sitio\/wp-json\/wp\/v2\/types\/post"}],"author":[{"embeddable":true,"href":"https:\/\/eldiariodesanpedro.com.ar\/sitio\/wp-json\/wp\/v2\/users\/4"}],"replies":[{"embeddable":true,"href":"https:\/\/eldiariodesanpedro.com.ar\/sitio\/wp-json\/wp\/v2\/comments?post=27565"}],"version-history":[{"count":1,"href":"https:\/\/eldiariodesanpedro.com.ar\/sitio\/wp-json\/wp\/v2\/posts\/27565\/revisions"}],"predecessor-version":[{"id":27567,"href":"https:\/\/eldiariodesanpedro.com.ar\/sitio\/wp-json\/wp\/v2\/posts\/27565\/revisions\/27567"}],"wp:featuredmedia":[{"embeddable":true,"href":"https:\/\/eldiariodesanpedro.com.ar\/sitio\/wp-json\/wp\/v2\/media\/27566"}],"wp:attachment":[{"href":"https:\/\/eldiariodesanpedro.com.ar\/sitio\/wp-json\/wp\/v2\/media?parent=27565"}],"wp:term":[{"taxonomy":"category","embeddable":true,"href":"https:\/\/eldiariodesanpedro.com.ar\/sitio\/wp-json\/wp\/v2\/categories?post=27565"},{"taxonomy":"post_tag","embeddable":true,"href":"https:\/\/eldiariodesanpedro.com.ar\/sitio\/wp-json\/wp\/v2\/tags?post=27565"}],"curies":[{"name":"wp","href":"https:\/\/api.w.org\/{rel}","templated":true}]}}